{"id":28133,"date":"2024-09-18T16:41:37","date_gmt":"2024-09-18T21:41:37","guid":{"rendered":"https:\/\/elmercuriomanta.ec\/?p=28133"},"modified":"2024-09-18T16:41:55","modified_gmt":"2024-09-18T21:41:55","slug":"el-alquiler-de-la-nueva-barcaza-que-llegaria-en-octubre-costara-316-millones","status":"publish","type":"post","link":"https:\/\/elmercuriomanta.ec\/index.php\/2024\/09\/18\/el-alquiler-de-la-nueva-barcaza-que-llegaria-en-octubre-costara-316-millones\/","title":{"rendered":"El alquiler de La nueva barcaza que llegar\u00eda en octubre costar\u00e1 $ 316 millones"},"content":{"rendered":"\n<figure class=\"wp-block-image aligncenter size-full is-resized\"><img fetchpriority=\"high\" decoding=\"async\" width=\"987\" height=\"613\" src=\"https:\/\/elmercuriomanta.ec\/wp-content\/uploads\/2024\/09\/image-218.png\" alt=\"\" class=\"wp-image-28135\" style=\"width:356px;height:auto\" srcset=\"https:\/\/elmercuriomanta.ec\/wp-content\/uploads\/2024\/09\/image-218.png 987w, https:\/\/elmercuriomanta.ec\/wp-content\/uploads\/2024\/09\/image-218-300x186.png 300w, https:\/\/elmercuriomanta.ec\/wp-content\/uploads\/2024\/09\/image-218-768x477.png 768w\" sizes=\"(max-width: 987px) 100vw, 987px\" \/><\/figure>\n\n\n\n<p>Este mi\u00e9rcoles, el ministro de Energ\u00eda y Minas, Antonio Goncalves<strong>,<\/strong> anunci\u00f3 que el Gobierno apresura la contrataci\u00f3n de la segunda barcaza generadora de energ\u00eda que llegar\u00eda en octubre. <\/p>\n\n\n\n<p>Los interesados pueden presentar sus propuestas hasta el jueves 19 en el Sistema de Contrataci\u00f3n P\u00fablica (Sercop).<\/p>\n\n\n\n<p>Seg\u00fan informaci\u00f3n de la Sercop, se piensa alquilar una barcaza con capacidad de hasta 240 megavatios (MW) por el costo del $ 316 millones. <\/p>\n\n\n\n<p>La Corporaci\u00f3n El\u00e9ctrica del Ecuador (Celec), est\u00e1 a cargo del proceso. Esta entidad que inform\u00f3 este mi\u00e9rcoles que se arrendar\u00e1 una barcaza de \u201chasta 250 MW\u201d, con el fin de sumar esfuerzos para enfrentar la crisis energ\u00e9tica.<\/p>\n","protected":false},"excerpt":{"rendered":"<p>Este mi\u00e9rcoles, el ministro de Energ\u00eda y Minas, Antonio Goncalves, anunci\u00f3 que el Gobierno apresura la contrataci\u00f3n de la segunda barcaza generadora de energ\u00eda que llegar\u00eda en octubre.<\/p>\n","protected":false},"author":1,"featured_media":28135,"comment_status":"open","ping_status":"open","sticky":false,"template":"","format":"standard","meta":{"footnotes":""},"categories":[20,83,1],"tags":[],"class_list":["post-28133","post","type-post","status-publish","format-standard","has-post-thumbnail","hentry","category-portada-2","category-sucesos","category-uncategorized"],"_links":{"self":[{"href":"https:\/\/elmercuriomanta.ec\/index.php\/wp-json\/wp\/v2\/posts\/28133","targetHints":{"allow":["GET"]}}],"collection":[{"href":"https:\/\/elmercuriomanta.ec\/index.php\/wp-json\/wp\/v2\/posts"}],"about":[{"href":"https:\/\/elmercuriomanta.ec\/index.php\/wp-json\/wp\/v2\/types\/post"}],"author":[{"embeddable":true,"href":"https:\/\/elmercuriomanta.ec\/index.php\/wp-json\/wp\/v2\/users\/1"}],"replies":[{"embeddable":true,"href":"https:\/\/elmercuriomanta.ec\/index.php\/wp-json\/wp\/v2\/comments?post=28133"}],"version-history":[{"count":2,"href":"https:\/\/elmercuriomanta.ec\/index.php\/wp-json\/wp\/v2\/posts\/28133\/revisions"}],"predecessor-version":[{"id":28137,"href":"https:\/\/elmercuriomanta.ec\/index.php\/wp-json\/wp\/v2\/posts\/28133\/revisions\/28137"}],"wp:featuredmedia":[{"embeddable":true,"href":"https:\/\/elmercuriomanta.ec\/index.php\/wp-json\/wp\/v2\/media\/28135"}],"wp:attachment":[{"href":"https:\/\/elmercuriomanta.ec\/index.php\/wp-json\/wp\/v2\/media?parent=28133"}],"wp:term":[{"taxonomy":"category","embeddable":true,"href":"https:\/\/elmercuriomanta.ec\/index.php\/wp-json\/wp\/v2\/categories?post=28133"},{"taxonomy":"post_tag","embeddable":true,"href":"https:\/\/elmercuriomanta.ec\/index.php\/wp-json\/wp\/v2\/tags?post=28133"}],"curies":[{"name":"wp","href":"https:\/\/api.w.org\/{rel}","templated":true}]}}