{"id":28132,"date":"2024-09-24T14:59:46","date_gmt":"2024-09-24T19:59:46","guid":{"rendered":"https:\/\/elmercuriomanta.ec\/?p=28132"},"modified":"2024-09-24T14:59:48","modified_gmt":"2024-09-24T19:59:48","slug":"reciclatron-en-el-dia-mundial-de-los-raee","status":"publish","type":"post","link":"https:\/\/elmercuriomanta.ec\/index.php\/2024\/09\/24\/reciclatron-en-el-dia-mundial-de-los-raee\/","title":{"rendered":"\u00abReciclaTr\u00f3n\u00bb en el D\u00eda Mundial de los RAEE"},"content":{"rendered":"\n<figure class=\"wp-block-image aligncenter size-large is-resized\"><img fetchpriority=\"high\" decoding=\"async\" width=\"698\" height=\"1024\" src=\"https:\/\/elmercuriomanta.ec\/wp-content\/uploads\/2024\/09\/WhatsApp-Image-2024-09-24-at-10.03.15-698x1024.jpeg\" alt=\"\" class=\"wp-image-28464\" style=\"width:288px;height:auto\" srcset=\"https:\/\/elmercuriomanta.ec\/wp-content\/uploads\/2024\/09\/WhatsApp-Image-2024-09-24-at-10.03.15-698x1024.jpeg 698w, https:\/\/elmercuriomanta.ec\/wp-content\/uploads\/2024\/09\/WhatsApp-Image-2024-09-24-at-10.03.15-205x300.jpeg 205w, https:\/\/elmercuriomanta.ec\/wp-content\/uploads\/2024\/09\/WhatsApp-Image-2024-09-24-at-10.03.15-768x1126.jpeg 768w, https:\/\/elmercuriomanta.ec\/wp-content\/uploads\/2024\/09\/WhatsApp-Image-2024-09-24-at-10.03.15.jpeg 873w\" sizes=\"(max-width: 698px) 100vw, 698px\" \/><\/figure>\n\n\n\n<p>El laboratorio de reciclaje est\u00e1 comprometido en promover la responsabilidad empresarial. En conmemoraci\u00f3n al D\u00eda del Reciclaje este 12 de octubre, invita a las empresas p\u00fablicas a participar en el desaf\u00edo de recolectar 10 toneladas de residuos electr\u00f3nicos, con la ReciclaTr\u00f3n.  Hasta el momento, tres instituciones educativas de la ciudad de Manta, se han unido a esta campa\u00f1a.<\/p>\n\n\n\n<p>El administrador, Gary Men\u00e9ndez destaca que, para el equipo de reciclaje, no todo es basura, ya que existe la oportunidad de recuperar y reutilizar cada una de las piezas que conforman los equipos electr\u00f3nicos. Este enfoque se alinea con la econom\u00eda circular, donde se busca minimizar el desperdicio y aprovechar al m\u00e1ximo los recursos disponibles.<\/p>\n\n\n\n<p>El gestor ambiental asignado se encargar\u00e1 de clasificar y decidir el destino final de cada pieza recolectada. Por ejemplo, en el caso de pantallas compuestas por vidrio, se buscar\u00e1 un gestor especializado en reutilizar este tipo de material. <\/p>\n\n\n\n<p>Hasta el 12 de octubre, se recibir\u00e1n estos desechos para su pesaje y clasificaci\u00f3n adecuada.<\/p>\n\n\n\n<p><\/p>\n","protected":false},"excerpt":{"rendered":"<p>El laboratorio de reciclaje est\u00e1 comprometido en promover la responsabilidad empresarial. En conmemoraci\u00f3n al D\u00eda del Reciclaje este 12 de octubre, invita a las empresas p\u00fablicas a participar en el desaf\u00edo de recolectar 10 toneladas de residuos electr\u00f3nicos, con la ReciclaTr\u00f3n. Hasta el momento, tres instituciones educativas de la ciudad de Manta, se han unido a esta campa\u00f1a.<\/p>\n","protected":false},"author":1,"featured_media":28464,"comment_status":"open","ping_status":"open","sticky":false,"template":"","format":"standard","meta":{"footnotes":""},"categories":[94,1],"tags":[23],"class_list":["post-28132","post","type-post","status-publish","format-standard","has-post-thumbnail","hentry","category-entrevistas","category-uncategorized","tag-ecuador"],"_links":{"self":[{"href":"https:\/\/elmercuriomanta.ec\/index.php\/wp-json\/wp\/v2\/posts\/28132","targetHints":{"allow":["GET"]}}],"collection":[{"href":"https:\/\/elmercuriomanta.ec\/index.php\/wp-json\/wp\/v2\/posts"}],"about":[{"href":"https:\/\/elmercuriomanta.ec\/index.php\/wp-json\/wp\/v2\/types\/post"}],"author":[{"embeddable":true,"href":"https:\/\/elmercuriomanta.ec\/index.php\/wp-json\/wp\/v2\/users\/1"}],"replies":[{"embeddable":true,"href":"https:\/\/elmercuriomanta.ec\/index.php\/wp-json\/wp\/v2\/comments?post=28132"}],"version-history":[{"count":1,"href":"https:\/\/elmercuriomanta.ec\/index.php\/wp-json\/wp\/v2\/posts\/28132\/revisions"}],"predecessor-version":[{"id":28465,"href":"https:\/\/elmercuriomanta.ec\/index.php\/wp-json\/wp\/v2\/posts\/28132\/revisions\/28465"}],"wp:featuredmedia":[{"embeddable":true,"href":"https:\/\/elmercuriomanta.ec\/index.php\/wp-json\/wp\/v2\/media\/28464"}],"wp:attachment":[{"href":"https:\/\/elmercuriomanta.ec\/index.php\/wp-json\/wp\/v2\/media?parent=28132"}],"wp:term":[{"taxonomy":"category","embeddable":true,"href":"https:\/\/elmercuriomanta.ec\/index.php\/wp-json\/wp\/v2\/categories?post=28132"},{"taxonomy":"post_tag","embeddable":true,"href":"https:\/\/elmercuriomanta.ec\/index.php\/wp-json\/wp\/v2\/tags?post=28132"}],"curies":[{"name":"wp","href":"https:\/\/api.w.org\/{rel}","templated":true}]}}