{"id":28129,"date":"2024-09-18T15:59:44","date_gmt":"2024-09-18T20:59:44","guid":{"rendered":"https:\/\/elmercuriomanta.ec\/?p=28129"},"modified":"2024-09-18T16:02:19","modified_gmt":"2024-09-18T21:02:19","slug":"ministra-ines-maria-manzano-lidero-la-primera-reunion-de-trabajo","status":"publish","type":"post","link":"https:\/\/elmercuriomanta.ec\/index.php\/2024\/09\/18\/ministra-ines-maria-manzano-lidero-la-primera-reunion-de-trabajo\/","title":{"rendered":"Ministra In\u00e9s Mar\u00eda Manzano lider\u00f3 la primera reuni\u00f3n de trabajo\u00a0"},"content":{"rendered":"\n<figure class=\"wp-block-image aligncenter size-full is-resized\"><img fetchpriority=\"high\" decoding=\"async\" width=\"800\" height=\"450\" src=\"https:\/\/elmercuriomanta.ec\/wp-content\/uploads\/2024\/09\/image-216.png\" alt=\"\" class=\"wp-image-28130\" style=\"width:350px;height:auto\" srcset=\"https:\/\/elmercuriomanta.ec\/wp-content\/uploads\/2024\/09\/image-216.png 800w, https:\/\/elmercuriomanta.ec\/wp-content\/uploads\/2024\/09\/image-216-300x169.png 300w, https:\/\/elmercuriomanta.ec\/wp-content\/uploads\/2024\/09\/image-216-768x432.png 768w\" sizes=\"(max-width: 800px) 100vw, 800px\" \/><\/figure>\n\n\n\n<p>Con el objetivo de definir lineamientos t\u00e9cnicos que permitan rehabilitar el R\u00edo Mach\u00e1ngara, In\u00e9s Mar\u00eda Manzano, ministra del Ambiente, Agua y Transici\u00f3n Ecol\u00f3gica, presidi\u00f3 la primera reuni\u00f3n de trabajo, que cont\u00f3 con la participaci\u00f3n de Pabel Mu\u00f1oz, alcalde del Distrito Metropolitano de Quito; Mar\u00eda Luisa Cruz, viceministra del Agua y representantes de los colectivos ciudadanos que son parte de los accionantes que buscan descontaminar este cuerpo h\u00eddrico.<\/p>\n\n\n\n<p>&nbsp;Esta iniciativa responde a la sentencia de un Tribunal de Garant\u00edas Penales de Pichincha, la cual, el 05 de julio de 2024, reconoci\u00f3 al R\u00edo Mach\u00e1ngara como sujeto de derechos, y en primera instancia, orden\u00f3 al Municipio de Quito implementar un plan de recuperaci\u00f3n.&nbsp;<\/p>\n\n\n\n<p>Este proceso, contar\u00e1 con la articulaci\u00f3n y supervisi\u00f3n de esta Cartera de Estado como Autoridad \u00danica del Agua. Durante su intervenci\u00f3n, la ministra Manzano mencion\u00f3 que \u201ces necesario entender que quienes estamos aqu\u00ed, tenemos un mismo objetivo y la responsabilidad de llegar a acuerdos en favor del R\u00edo Mach\u00e1ngara. Cuenten con este Ministerio y con todo su equipo t\u00e9cnico para que, a trav\u00e9s de mesas de trabajo, podamos establecer una hoja de ruta que contemple acciones en el corto, mediano y largo plazo\u201d.&nbsp;<\/p>\n\n\n\n<p>En este encuentro, se acord\u00f3 mantener la primera mesa t\u00e9cnica a fin de analizar la metodolog\u00eda, el cumplimiento de la sentencia y la estrategia. Estos espacios ser\u00e1n liderados por el Municipio de Quito, en conjunto con el Ministerio del Ambiente, Agua y Transici\u00f3n Ecol\u00f3gica.&nbsp;<\/p>\n","protected":false},"excerpt":{"rendered":"<p>Con el objetivo de definir lineamientos t\u00e9cnicos que permitan rehabilitar el R\u00edo Mach\u00e1ngara, In\u00e9s Mar\u00eda Manzano, ministra del Ambiente, Agua y Transici\u00f3n Ecol\u00f3gica, presidi\u00f3 la primera reuni\u00f3n de trabajo, que cont\u00f3 con la participaci\u00f3n de Pabel Mu\u00f1oz, alcalde del Distrito Metropolitano de Quito; Mar\u00eda Luisa Cruz, viceministra del Agua y representantes de los colectivos ciudadanos que son parte de los accionantes que buscan descontaminar este cuerpo h\u00eddrico.<\/p>\n","protected":false},"author":1,"featured_media":28130,"comment_status":"open","ping_status":"open","sticky":false,"template":"","format":"standard","meta":{"footnotes":""},"categories":[20,83,1],"tags":[23],"class_list":["post-28129","post","type-post","status-publish","format-standard","has-post-thumbnail","hentry","category-portada-2","category-sucesos","category-uncategorized","tag-ecuador"],"_links":{"self":[{"href":"https:\/\/elmercuriomanta.ec\/index.php\/wp-json\/wp\/v2\/posts\/28129","targetHints":{"allow":["GET"]}}],"collection":[{"href":"https:\/\/elmercuriomanta.ec\/index.php\/wp-json\/wp\/v2\/posts"}],"about":[{"href":"https:\/\/elmercuriomanta.ec\/index.php\/wp-json\/wp\/v2\/types\/post"}],"author":[{"embeddable":true,"href":"https:\/\/elmercuriomanta.ec\/index.php\/wp-json\/wp\/v2\/users\/1"}],"replies":[{"embeddable":true,"href":"https:\/\/elmercuriomanta.ec\/index.php\/wp-json\/wp\/v2\/comments?post=28129"}],"version-history":[{"count":1,"href":"https:\/\/elmercuriomanta.ec\/index.php\/wp-json\/wp\/v2\/posts\/28129\/revisions"}],"predecessor-version":[{"id":28131,"href":"https:\/\/elmercuriomanta.ec\/index.php\/wp-json\/wp\/v2\/posts\/28129\/revisions\/28131"}],"wp:featuredmedia":[{"embeddable":true,"href":"https:\/\/elmercuriomanta.ec\/index.php\/wp-json\/wp\/v2\/media\/28130"}],"wp:attachment":[{"href":"https:\/\/elmercuriomanta.ec\/index.php\/wp-json\/wp\/v2\/media?parent=28129"}],"wp:term":[{"taxonomy":"category","embeddable":true,"href":"https:\/\/elmercuriomanta.ec\/index.php\/wp-json\/wp\/v2\/categories?post=28129"},{"taxonomy":"post_tag","embeddable":true,"href":"https:\/\/elmercuriomanta.ec\/index.php\/wp-json\/wp\/v2\/tags?post=28129"}],"curies":[{"name":"wp","href":"https:\/\/api.w.org\/{rel}","templated":true}]}}