{"id":28126,"date":"2024-09-18T12:37:28","date_gmt":"2024-09-18T17:37:28","guid":{"rendered":"https:\/\/elmercuriomanta.ec\/?p=28126"},"modified":"2024-09-18T12:37:30","modified_gmt":"2024-09-18T17:37:30","slug":"asamblea-sesiono-a-oscuras-por-unos-minutos-en-tono-ironico-por-los-cortes-de-luz-anunciados-por-el-gobierno","status":"publish","type":"post","link":"https:\/\/elmercuriomanta.ec\/index.php\/2024\/09\/18\/asamblea-sesiono-a-oscuras-por-unos-minutos-en-tono-ironico-por-los-cortes-de-luz-anunciados-por-el-gobierno\/","title":{"rendered":"Asamblea sesion\u00f3 a oscuras por unos minutos en tono ir\u00f3nico por los cortes de luz anunciados por el Gobierno\u00a0"},"content":{"rendered":"\n<figure class=\"wp-block-image aligncenter size-full is-resized\"><img fetchpriority=\"high\" decoding=\"async\" width=\"720\" height=\"639\" src=\"https:\/\/elmercuriomanta.ec\/wp-content\/uploads\/2024\/09\/image-215.png\" alt=\"\" class=\"wp-image-28127\" style=\"width:299px;height:auto\" srcset=\"https:\/\/elmercuriomanta.ec\/wp-content\/uploads\/2024\/09\/image-215.png 720w, https:\/\/elmercuriomanta.ec\/wp-content\/uploads\/2024\/09\/image-215-300x266.png 300w\" sizes=\"(max-width: 720px) 100vw, 720px\" \/><\/figure>\n\n\n\n<p>Por unos minutos, el pleno de la Asamblea Nacional sesion\u00f3 a oscuras, hoy 17 de septiembre de 2024, en tono de iron\u00eda ante los cortes de energ\u00eda el\u00e9ctrica anunciado por el Gobierno.&nbsp;<\/p>\n\n\n\n<p>Seg\u00fan funcionarios del Parlamento, mientras los legisladores permanec\u00edan en el hemiciclo legislativo, hubo un breve corte de luz, que se restableci\u00f3 de inmediato, aunque las curules electr\u00f3nicas continuaban encendidas.<\/p>\n","protected":false},"excerpt":{"rendered":"<p>Por unos minutos, el pleno de la Asamblea Nacional sesion\u00f3 a oscuras, hoy 17 de septiembre de 2024, en tono de iron\u00eda ante los cortes de energ\u00eda el\u00e9ctrica anunciado por el Gobierno.\u00a0<\/p>\n","protected":false},"author":1,"featured_media":28127,"comment_status":"open","ping_status":"open","sticky":false,"template":"","format":"standard","meta":{"footnotes":""},"categories":[20,83],"tags":[23],"class_list":["post-28126","post","type-post","status-publish","format-standard","has-post-thumbnail","hentry","category-portada-2","category-sucesos","tag-ecuador"],"_links":{"self":[{"href":"https:\/\/elmercuriomanta.ec\/index.php\/wp-json\/wp\/v2\/posts\/28126","targetHints":{"allow":["GET"]}}],"collection":[{"href":"https:\/\/elmercuriomanta.ec\/index.php\/wp-json\/wp\/v2\/posts"}],"about":[{"href":"https:\/\/elmercuriomanta.ec\/index.php\/wp-json\/wp\/v2\/types\/post"}],"author":[{"embeddable":true,"href":"https:\/\/elmercuriomanta.ec\/index.php\/wp-json\/wp\/v2\/users\/1"}],"replies":[{"embeddable":true,"href":"https:\/\/elmercuriomanta.ec\/index.php\/wp-json\/wp\/v2\/comments?post=28126"}],"version-history":[{"count":1,"href":"https:\/\/elmercuriomanta.ec\/index.php\/wp-json\/wp\/v2\/posts\/28126\/revisions"}],"predecessor-version":[{"id":28128,"href":"https:\/\/elmercuriomanta.ec\/index.php\/wp-json\/wp\/v2\/posts\/28126\/revisions\/28128"}],"wp:featuredmedia":[{"embeddable":true,"href":"https:\/\/elmercuriomanta.ec\/index.php\/wp-json\/wp\/v2\/media\/28127"}],"wp:attachment":[{"href":"https:\/\/elmercuriomanta.ec\/index.php\/wp-json\/wp\/v2\/media?parent=28126"}],"wp:term":[{"taxonomy":"category","embeddable":true,"href":"https:\/\/elmercuriomanta.ec\/index.php\/wp-json\/wp\/v2\/categories?post=28126"},{"taxonomy":"post_tag","embeddable":true,"href":"https:\/\/elmercuriomanta.ec\/index.php\/wp-json\/wp\/v2\/tags?post=28126"}],"curies":[{"name":"wp","href":"https:\/\/api.w.org\/{rel}","templated":true}]}}