{"id":28115,"date":"2024-09-18T11:03:52","date_gmt":"2024-09-18T16:03:52","guid":{"rendered":"https:\/\/elmercuriomanta.ec\/?p=28115"},"modified":"2024-09-18T11:03:55","modified_gmt":"2024-09-18T16:03:55","slug":"trabajos-de-regeneracion-en-pozo-de-agua-azufrada","status":"publish","type":"post","link":"https:\/\/elmercuriomanta.ec\/index.php\/2024\/09\/18\/trabajos-de-regeneracion-en-pozo-de-agua-azufrada\/","title":{"rendered":"Trabajos de regeneraci\u00f3n en pozo de agua azufrada"},"content":{"rendered":"\n<div class=\"wp-block-columns is-layout-flex wp-container-core-columns-is-layout-28f84493 wp-block-columns-is-layout-flex\">\n<div class=\"wp-block-column is-layout-flow wp-block-column-is-layout-flow\">\n<figure class=\"wp-block-image size-full\"><img fetchpriority=\"high\" decoding=\"async\" width=\"967\" height=\"498\" src=\"https:\/\/elmercuriomanta.ec\/wp-content\/uploads\/2024\/09\/WhatsApp-Image-2024-09-18-at-11.02.23.jpeg\" alt=\"\" class=\"wp-image-28116\" srcset=\"https:\/\/elmercuriomanta.ec\/wp-content\/uploads\/2024\/09\/WhatsApp-Image-2024-09-18-at-11.02.23.jpeg 967w, https:\/\/elmercuriomanta.ec\/wp-content\/uploads\/2024\/09\/WhatsApp-Image-2024-09-18-at-11.02.23-300x154.jpeg 300w, https:\/\/elmercuriomanta.ec\/wp-content\/uploads\/2024\/09\/WhatsApp-Image-2024-09-18-at-11.02.23-768x396.jpeg 768w\" sizes=\"(max-width: 967px) 100vw, 967px\" \/><\/figure>\n<\/div>\n\n\n\n<div class=\"wp-block-column is-layout-flow wp-block-column-is-layout-flow\">\n<figure class=\"wp-block-image size-full is-resized\"><img decoding=\"async\" width=\"950\" height=\"609\" src=\"https:\/\/elmercuriomanta.ec\/wp-content\/uploads\/2024\/09\/WhatsApp-Image-2024-09-18-at-11.01.51.jpeg\" alt=\"\" class=\"wp-image-28117\" style=\"width:296px;height:auto\" srcset=\"https:\/\/elmercuriomanta.ec\/wp-content\/uploads\/2024\/09\/WhatsApp-Image-2024-09-18-at-11.01.51.jpeg 950w, https:\/\/elmercuriomanta.ec\/wp-content\/uploads\/2024\/09\/WhatsApp-Image-2024-09-18-at-11.01.51-300x192.jpeg 300w, https:\/\/elmercuriomanta.ec\/wp-content\/uploads\/2024\/09\/WhatsApp-Image-2024-09-18-at-11.01.51-768x492.jpeg 768w\" sizes=\"(max-width: 950px) 100vw, 950px\" \/><\/figure>\n<\/div>\n<\/div>\n\n\n\n<p>El pozo de agua azufrada de Jaramij\u00f3, un tesoro natural que ha sido conocido por sus propiedades curativas desde tiempos ancestrales, est\u00e1 a punto de renacer. Gracias a la gesti\u00f3n de la Alcald\u00eda de Jaramij\u00f3, liderada por el alcalde Simetrio Calder\u00f3n, y el respaldo de la Prefectura de Manab\u00ed y su Prefecto Leonardo Orlando, se ha iniciado la regeneraci\u00f3n y rehabilitaci\u00f3n de este emblem\u00e1tico sitio tur\u00edstico.<\/p>\n\n\n\n<p>&nbsp;Esta obra no solo busca poner en valor un recurso natural \u00fanico, sino tambi\u00e9n fomentar el turismo y el bienestar de los habitantes del cant\u00f3n y visitantes. El proyecto contempla la modernizaci\u00f3n de las instalaciones del pozo, garantizando un acceso seguro y c\u00f3modo para quienes buscan aprovechar los beneficios terap\u00e9uticos de sus aguas ricas en minerales.<\/p>\n\n\n\n<p>&nbsp;Las propiedades medicinales de las aguas azufradas han sido utilizadas para tratar diversas afecciones de la piel, dolores musculares y enfermedades reum\u00e1ticas, lo que hace de este pozo un destino ideal tanto para el turismo de salud como para aquellos interesados en tratamientos naturales.&nbsp;<\/p>\n\n\n\n<p>Este esfuerzo conjunto entre la Alcald\u00eda y la Prefectura refleja el compromiso de ambas instituciones en potenciar el desarrollo econ\u00f3mico y social de Jaramij\u00f3, promoviendo al cant\u00f3n como un destino tur\u00edstico clave en la regi\u00f3n. Con la finalizaci\u00f3n de los trabajos, el pozo de agua azufrada se convertir\u00e1 en un punto de encuentro entre la naturaleza, la salud y el bienestar, impulsando no solo el turismo, sino tambi\u00e9n el orgullo de los jaramijenses por su patrimonio.<\/p>\n\n\n\n<p><\/p>\n","protected":false},"excerpt":{"rendered":"<p>El pozo de agua azufrada de Jaramij\u00f3, un tesoro natural que ha sido conocido por sus propiedades curativas desde tiempos ancestrales, est\u00e1 a punto de renacer. Gracias a la gesti\u00f3n de la Alcald\u00eda de Jaramij\u00f3, liderada por el alcalde Simetrio Calder\u00f3n, y el respaldo de la Prefectura de Manab\u00ed y su Prefecto Leonardo Orlando, se ha iniciado la regeneraci\u00f3n y rehabilitaci\u00f3n de este emblem\u00e1tico sitio tur\u00edstico.<\/p>\n","protected":false},"author":1,"featured_media":28117,"comment_status":"open","ping_status":"open","sticky":false,"template":"","format":"standard","meta":{"footnotes":""},"categories":[16,20],"tags":[],"class_list":["post-28115","post","type-post","status-publish","format-standard","has-post-thumbnail","hentry","category-cronica","category-portada-2"],"_links":{"self":[{"href":"https:\/\/elmercuriomanta.ec\/index.php\/wp-json\/wp\/v2\/posts\/28115","targetHints":{"allow":["GET"]}}],"collection":[{"href":"https:\/\/elmercuriomanta.ec\/index.php\/wp-json\/wp\/v2\/posts"}],"about":[{"href":"https:\/\/elmercuriomanta.ec\/index.php\/wp-json\/wp\/v2\/types\/post"}],"author":[{"embeddable":true,"href":"https:\/\/elmercuriomanta.ec\/index.php\/wp-json\/wp\/v2\/users\/1"}],"replies":[{"embeddable":true,"href":"https:\/\/elmercuriomanta.ec\/index.php\/wp-json\/wp\/v2\/comments?post=28115"}],"version-history":[{"count":1,"href":"https:\/\/elmercuriomanta.ec\/index.php\/wp-json\/wp\/v2\/posts\/28115\/revisions"}],"predecessor-version":[{"id":28118,"href":"https:\/\/elmercuriomanta.ec\/index.php\/wp-json\/wp\/v2\/posts\/28115\/revisions\/28118"}],"wp:featuredmedia":[{"embeddable":true,"href":"https:\/\/elmercuriomanta.ec\/index.php\/wp-json\/wp\/v2\/media\/28117"}],"wp:attachment":[{"href":"https:\/\/elmercuriomanta.ec\/index.php\/wp-json\/wp\/v2\/media?parent=28115"}],"wp:term":[{"taxonomy":"category","embeddable":true,"href":"https:\/\/elmercuriomanta.ec\/index.php\/wp-json\/wp\/v2\/categories?post=28115"},{"taxonomy":"post_tag","embeddable":true,"href":"https:\/\/elmercuriomanta.ec\/index.php\/wp-json\/wp\/v2\/tags?post=28115"}],"curies":[{"name":"wp","href":"https:\/\/api.w.org\/{rel}","templated":true}]}}