{"id":28103,"date":"2024-09-18T10:39:40","date_gmt":"2024-09-18T15:39:40","guid":{"rendered":"https:\/\/elmercuriomanta.ec\/?p=28103"},"modified":"2024-09-18T10:39:42","modified_gmt":"2024-09-18T15:39:42","slug":"abad-asegura-que-ella-no-pidio-salir-de-israel","status":"publish","type":"post","link":"https:\/\/elmercuriomanta.ec\/index.php\/2024\/09\/18\/abad-asegura-que-ella-no-pidio-salir-de-israel\/","title":{"rendered":"Abad asegura que ella no pidi\u00f3 salir de Israel\u00a0"},"content":{"rendered":"\n<figure class=\"wp-block-image aligncenter size-full is-resized\"><img fetchpriority=\"high\" decoding=\"async\" width=\"960\" height=\"639\" src=\"https:\/\/elmercuriomanta.ec\/wp-content\/uploads\/2024\/09\/image-209.png\" alt=\"\" class=\"wp-image-28104\" style=\"width:334px;height:auto\" srcset=\"https:\/\/elmercuriomanta.ec\/wp-content\/uploads\/2024\/09\/image-209.png 960w, https:\/\/elmercuriomanta.ec\/wp-content\/uploads\/2024\/09\/image-209-300x200.png 300w, https:\/\/elmercuriomanta.ec\/wp-content\/uploads\/2024\/09\/image-209-768x511.png 768w\" sizes=\"(max-width: 960px) 100vw, 960px\" \/><\/figure>\n\n\n\n<p>La vicepresidenta de la Rep\u00fablica y embajadora,\u00a0<a href=\"https:\/\/www.eluniverso.com\/temas\/veronica-abad-rojas\/\" target=\"_blank\" rel=\"noreferrer noopener\"><strong>Ver\u00f3nica Abad Rojas,<\/strong>\u00a0<\/a> afirm\u00f3 que ella no pidi\u00f3 ser trasladada a Turqu\u00eda por su seguridad. Adem\u00e1s pidi\u00f3 explicaciones a la Canciller\u00eda ecuatoriana de las comunicaciones que mantienen con ese pa\u00eds.  No le han permitido hacer pronunciamientos sobre Ecuador y el conflicto entre Israel y Palestina.<\/p>\n\n\n\n<p>El<strong>\u00a0Ministerio del Trabajo<\/strong>, abri\u00f3 un sumario administrativo en contra de la vicepresidenta Ver\u00f3nica Abad, quien dirigi\u00f3 un oficio a la ministra de Relaciones Exteriores,\u00a0<strong>Gabriela Sommerfeld Rosero,\u00a0<\/strong>y al viceministro Jaime Barberis Mart\u00ednez, en el que pide informaci\u00f3n sobre seis asuntos y relata varios hechos de su traslado a un tercer pa\u00eds.<\/p>\n\n\n\n<p>El presidente de la Rep\u00fablica<em><strong>,\u00a0<\/strong><\/em><strong>Daniel Noboa Az\u00edn,<\/strong> la envi\u00f3, temporalmente y por su seguridad, a Ankara (Turqu\u00eda) a trav\u00e9s del Decreto Ejecutivo 353 del 8 de agosto de 2024.<\/p>\n\n\n\n<p>El 9 de septiembre de 2024 fue cuando viajo a T\u00fcrkiye y con ello, la cartera de Trabajo le inici\u00f3 un sumario administrativo por el presunto incumplimiento de una disposici\u00f3n emitida por la Canciller\u00eda para que llegue a ese pa\u00eds antes del 1 de septiembre y no el 9.<br>Por su parte, Abad solicit\u00f3 al Ministerio de Relaciones Exteriores aclarar los procedimientos para su traslado; Adem\u00e1s, desminti\u00f3 haber sido ella quien pidi\u00f3 ser sacada de Israel; y, adem\u00e1s, requiri\u00f3 las comunicaciones con las autoridades de Turqu\u00eda y las condiciones que debe cumplir para ejercer su funci\u00f3n en su territorio.<br><\/p>\n","protected":false},"excerpt":{"rendered":"<p>La vicepresidenta de la Rep\u00fablica y embajadora,\u00a0Ver\u00f3nica Abad Rojas,\u00a0 afirm\u00f3 que ella no pidi\u00f3 ser trasladada a Turqu\u00eda por su seguridad. Adem\u00e1s pidi\u00f3 explicaciones a la Canciller\u00eda ecuatoriana de las comunicaciones que mantienen con ese pa\u00eds.  No le han permitido hacer pronunciamientos sobre Ecuador y el conflicto entre Israel y Palestina.<\/p>\n","protected":false},"author":1,"featured_media":28104,"comment_status":"open","ping_status":"open","sticky":false,"template":"","format":"standard","meta":{"footnotes":""},"categories":[8],"tags":[42],"class_list":["post-28103","post","type-post","status-publish","format-standard","has-post-thumbnail","hentry","category-internacional","tag-internacional"],"_links":{"self":[{"href":"https:\/\/elmercuriomanta.ec\/index.php\/wp-json\/wp\/v2\/posts\/28103","targetHints":{"allow":["GET"]}}],"collection":[{"href":"https:\/\/elmercuriomanta.ec\/index.php\/wp-json\/wp\/v2\/posts"}],"about":[{"href":"https:\/\/elmercuriomanta.ec\/index.php\/wp-json\/wp\/v2\/types\/post"}],"author":[{"embeddable":true,"href":"https:\/\/elmercuriomanta.ec\/index.php\/wp-json\/wp\/v2\/users\/1"}],"replies":[{"embeddable":true,"href":"https:\/\/elmercuriomanta.ec\/index.php\/wp-json\/wp\/v2\/comments?post=28103"}],"version-history":[{"count":2,"href":"https:\/\/elmercuriomanta.ec\/index.php\/wp-json\/wp\/v2\/posts\/28103\/revisions"}],"predecessor-version":[{"id":28106,"href":"https:\/\/elmercuriomanta.ec\/index.php\/wp-json\/wp\/v2\/posts\/28103\/revisions\/28106"}],"wp:featuredmedia":[{"embeddable":true,"href":"https:\/\/elmercuriomanta.ec\/index.php\/wp-json\/wp\/v2\/media\/28104"}],"wp:attachment":[{"href":"https:\/\/elmercuriomanta.ec\/index.php\/wp-json\/wp\/v2\/media?parent=28103"}],"wp:term":[{"taxonomy":"category","embeddable":true,"href":"https:\/\/elmercuriomanta.ec\/index.php\/wp-json\/wp\/v2\/categories?post=28103"},{"taxonomy":"post_tag","embeddable":true,"href":"https:\/\/elmercuriomanta.ec\/index.php\/wp-json\/wp\/v2\/tags?post=28103"}],"curies":[{"name":"wp","href":"https:\/\/api.w.org\/{rel}","templated":true}]}}