{"id":28085,"date":"2024-09-17T16:41:56","date_gmt":"2024-09-17T21:41:56","guid":{"rendered":"https:\/\/elmercuriomanta.ec\/?p=28085"},"modified":"2024-09-17T16:41:58","modified_gmt":"2024-09-17T21:41:58","slug":"dos-muertes-violentas-en-menos-de-2-horas-en-portoviejo","status":"publish","type":"post","link":"https:\/\/elmercuriomanta.ec\/index.php\/2024\/09\/17\/dos-muertes-violentas-en-menos-de-2-horas-en-portoviejo\/","title":{"rendered":"Dos muertes violentas en menos de 2 horas en Portoviejo"},"content":{"rendered":"\n<p><strong>Dos hechos violentos se report\u00f3 en Portoviejo<\/strong> en menos de 2 horas. <\/p>\n\n\n\n<p>\u00a0El primer atentado se registr\u00f3 en el portal de una ferreter\u00eda,  en donde e<strong>l cuerpo de la v\u00edctima qued\u00f3 sin vida de un hombre<\/strong>, quien era conocido como \u201cTo\u00f1o\u201d.<\/p>\n\n\n\n<figure class=\"wp-block-image aligncenter size-full is-resized\"><img fetchpriority=\"high\" decoding=\"async\" width=\"766\" height=\"1024\" src=\"https:\/\/elmercuriomanta.ec\/wp-content\/uploads\/2024\/09\/image-206.png\" alt=\"\" class=\"wp-image-28087\" style=\"width:287px;height:auto\" srcset=\"https:\/\/elmercuriomanta.ec\/wp-content\/uploads\/2024\/09\/image-206.png 766w, https:\/\/elmercuriomanta.ec\/wp-content\/uploads\/2024\/09\/image-206-224x300.png 224w\" sizes=\"(max-width: 766px) 100vw, 766px\" \/><\/figure>\n\n\n\n<p>Poco despu\u00e9s,\u00a0<strong>una mujer fue asesinada cuando se movilizaba en un veh\u00edculo frente a la iglesia La Catedral.<\/strong><\/p>\n\n\n\n<figure class=\"wp-block-image aligncenter size-full is-resized\"><img decoding=\"async\" width=\"273\" height=\"369\" src=\"https:\/\/elmercuriomanta.ec\/wp-content\/uploads\/2024\/09\/image-207.png\" alt=\"\" class=\"wp-image-28088\" style=\"width:144px;height:auto\" srcset=\"https:\/\/elmercuriomanta.ec\/wp-content\/uploads\/2024\/09\/image-207.png 273w, https:\/\/elmercuriomanta.ec\/wp-content\/uploads\/2024\/09\/image-207-222x300.png 222w\" sizes=\"(max-width: 273px) 100vw, 273px\" \/><\/figure>\n\n\n\n<p>Agentes de la\u00a0<strong>Polic\u00eda Nacional llegaron a las escenas del crimen para comenzar  las respectivas investigaciones. \u00a0<\/strong><\/p>\n","protected":false},"excerpt":{"rendered":"<p>Dos hechos violentos se report\u00f3 en Portoviejo en menos de 2 horas. <\/p>\n","protected":false},"author":1,"featured_media":28087,"comment_status":"open","ping_status":"open","sticky":false,"template":"","format":"standard","meta":{"footnotes":""},"categories":[16],"tags":[91],"class_list":["post-28085","post","type-post","status-publish","format-standard","has-post-thumbnail","hentry","category-cronica","tag-cronica"],"_links":{"self":[{"href":"https:\/\/elmercuriomanta.ec\/index.php\/wp-json\/wp\/v2\/posts\/28085","targetHints":{"allow":["GET"]}}],"collection":[{"href":"https:\/\/elmercuriomanta.ec\/index.php\/wp-json\/wp\/v2\/posts"}],"about":[{"href":"https:\/\/elmercuriomanta.ec\/index.php\/wp-json\/wp\/v2\/types\/post"}],"author":[{"embeddable":true,"href":"https:\/\/elmercuriomanta.ec\/index.php\/wp-json\/wp\/v2\/users\/1"}],"replies":[{"embeddable":true,"href":"https:\/\/elmercuriomanta.ec\/index.php\/wp-json\/wp\/v2\/comments?post=28085"}],"version-history":[{"count":2,"href":"https:\/\/elmercuriomanta.ec\/index.php\/wp-json\/wp\/v2\/posts\/28085\/revisions"}],"predecessor-version":[{"id":28090,"href":"https:\/\/elmercuriomanta.ec\/index.php\/wp-json\/wp\/v2\/posts\/28085\/revisions\/28090"}],"wp:featuredmedia":[{"embeddable":true,"href":"https:\/\/elmercuriomanta.ec\/index.php\/wp-json\/wp\/v2\/media\/28087"}],"wp:attachment":[{"href":"https:\/\/elmercuriomanta.ec\/index.php\/wp-json\/wp\/v2\/media?parent=28085"}],"wp:term":[{"taxonomy":"category","embeddable":true,"href":"https:\/\/elmercuriomanta.ec\/index.php\/wp-json\/wp\/v2\/categories?post=28085"},{"taxonomy":"post_tag","embeddable":true,"href":"https:\/\/elmercuriomanta.ec\/index.php\/wp-json\/wp\/v2\/tags?post=28085"}],"curies":[{"name":"wp","href":"https:\/\/api.w.org\/{rel}","templated":true}]}}