{"id":28072,"date":"2024-09-17T15:08:04","date_gmt":"2024-09-17T20:08:04","guid":{"rendered":"https:\/\/elmercuriomanta.ec\/?p=28072"},"modified":"2024-09-17T15:09:42","modified_gmt":"2024-09-17T20:09:42","slug":"policia-recomienda-usar-silbatos-durante-el-apagon","status":"publish","type":"post","link":"https:\/\/elmercuriomanta.ec\/index.php\/2024\/09\/17\/policia-recomienda-usar-silbatos-durante-el-apagon\/","title":{"rendered":"Polic\u00eda recomienda usar silbatos durante el apag\u00f3n"},"content":{"rendered":"\n<figure class=\"wp-block-image aligncenter size-full is-resized\"><img fetchpriority=\"high\" decoding=\"async\" width=\"640\" height=\"360\" src=\"https:\/\/elmercuriomanta.ec\/wp-content\/uploads\/2024\/09\/image-203.png\" alt=\"\" class=\"wp-image-28073\" style=\"width:351px;height:auto\" srcset=\"https:\/\/elmercuriomanta.ec\/wp-content\/uploads\/2024\/09\/image-203.png 640w, https:\/\/elmercuriomanta.ec\/wp-content\/uploads\/2024\/09\/image-203-300x169.png 300w\" sizes=\"(max-width: 640px) 100vw, 640px\" \/><\/figure>\n\n\n\n<p>Este martes, la Polic\u00eda Nacional present\u00f3 el plan de seguridad que recomienda aplicar durante el apag\u00f3n Nacional y el toque de queda de este mi\u00e9rcoles. <\/p>\n\n\n\n<p>Henry Tapia, comandante de la Polic\u00eda en\u00a0el Distrito Metropolitano de Quito dijo que habr\u00e1 \u00e9nfasis en las zonas donde est\u00e1n ubicados las entidades bancarias, conjuntos residenciales, gasolineras y lugares vulnerables como las c\u00e1rceles.<\/p>\n\n\n\n<p>Entre las medidas que recomiendan los uniformados es el uso de los pitos, ya que las alarmas  no podr\u00e1n funcionar durante el corte de energ\u00eda. La ciudadan\u00eda podr\u00e1 sonar los pitos varias veces en una emergencia. <\/p>\n\n\n\n<p>En el caso de otras ciudades, la Polic\u00eda afirma que cada zona cumplir\u00e1 con una planificaci\u00f3n para efectuar medidas puntuales.<\/p>\n\n\n\n<p>Las Unidades de Polic\u00eda Comunitaria (UPC) seguir\u00e1n abiertas durante el toque de queda de la noche del 17 de septiembre, que se dar\u00e1 en conjunto con un apag\u00f3n nacional de 8 horas.<\/p>\n\n\n\n<p>Respecto a los apagones que el Gobierno nacional ha anunciado para la pr\u00f3xima semana, la Polic\u00eda inform\u00f3 que est\u00e1 previsto que para esas fechas se repliquen las medidas a aplicarse en la noche del 18 y madrugada del 19 de septiembre.<br><\/p>\n\n\n\n<p><br><br><br><br><\/p>\n\n\n\n<p><br><\/p>\n","protected":false},"excerpt":{"rendered":"<p>Este martes, la Polic\u00eda Nacional present\u00f3 el plan de seguridad que recomienda aplicar durante el apag\u00f3n Nacional y el toque de queda de este mi\u00e9rcoles. <\/p>\n","protected":false},"author":1,"featured_media":28073,"comment_status":"open","ping_status":"open","sticky":false,"template":"","format":"standard","meta":{"footnotes":""},"categories":[16,20],"tags":[23],"class_list":["post-28072","post","type-post","status-publish","format-standard","has-post-thumbnail","hentry","category-cronica","category-portada-2","tag-ecuador"],"_links":{"self":[{"href":"https:\/\/elmercuriomanta.ec\/index.php\/wp-json\/wp\/v2\/posts\/28072","targetHints":{"allow":["GET"]}}],"collection":[{"href":"https:\/\/elmercuriomanta.ec\/index.php\/wp-json\/wp\/v2\/posts"}],"about":[{"href":"https:\/\/elmercuriomanta.ec\/index.php\/wp-json\/wp\/v2\/types\/post"}],"author":[{"embeddable":true,"href":"https:\/\/elmercuriomanta.ec\/index.php\/wp-json\/wp\/v2\/users\/1"}],"replies":[{"embeddable":true,"href":"https:\/\/elmercuriomanta.ec\/index.php\/wp-json\/wp\/v2\/comments?post=28072"}],"version-history":[{"count":3,"href":"https:\/\/elmercuriomanta.ec\/index.php\/wp-json\/wp\/v2\/posts\/28072\/revisions"}],"predecessor-version":[{"id":28076,"href":"https:\/\/elmercuriomanta.ec\/index.php\/wp-json\/wp\/v2\/posts\/28072\/revisions\/28076"}],"wp:featuredmedia":[{"embeddable":true,"href":"https:\/\/elmercuriomanta.ec\/index.php\/wp-json\/wp\/v2\/media\/28073"}],"wp:attachment":[{"href":"https:\/\/elmercuriomanta.ec\/index.php\/wp-json\/wp\/v2\/media?parent=28072"}],"wp:term":[{"taxonomy":"category","embeddable":true,"href":"https:\/\/elmercuriomanta.ec\/index.php\/wp-json\/wp\/v2\/categories?post=28072"},{"taxonomy":"post_tag","embeddable":true,"href":"https:\/\/elmercuriomanta.ec\/index.php\/wp-json\/wp\/v2\/tags?post=28072"}],"curies":[{"name":"wp","href":"https:\/\/api.w.org\/{rel}","templated":true}]}}