{"id":28067,"date":"2024-09-17T14:34:22","date_gmt":"2024-09-17T19:34:22","guid":{"rendered":"https:\/\/elmercuriomanta.ec\/?p=28067"},"modified":"2024-09-17T14:42:38","modified_gmt":"2024-09-17T19:42:38","slug":"vvivienda-allanada-en-la-pradera-era-un-centro-de-acopio-de-los-choneros","status":"publish","type":"post","link":"https:\/\/elmercuriomanta.ec\/index.php\/2024\/09\/17\/vvivienda-allanada-en-la-pradera-era-un-centro-de-acopio-de-los-choneros\/","title":{"rendered":"Vivienda era un centro de acopio de Los Choneros"},"content":{"rendered":"\n<figure class=\"wp-block-image aligncenter size-full is-resized\"><img fetchpriority=\"high\" decoding=\"async\" width=\"1024\" height=\"768\" src=\"https:\/\/elmercuriomanta.ec\/wp-content\/uploads\/2024\/09\/image-202.png\" alt=\"\" class=\"wp-image-28068\" style=\"width:356px;height:auto\" srcset=\"https:\/\/elmercuriomanta.ec\/wp-content\/uploads\/2024\/09\/image-202.png 1024w, https:\/\/elmercuriomanta.ec\/wp-content\/uploads\/2024\/09\/image-202-300x225.png 300w, https:\/\/elmercuriomanta.ec\/wp-content\/uploads\/2024\/09\/image-202-768x576.png 768w\" sizes=\"(max-width: 1024px) 100vw, 1024px\" \/><\/figure>\n\n\n\n<p>En una rueda de prensa, militares confirmaron que el armamento incautado en la ciudadela Pradera era de un grupo delictivo.<\/p>\n\n\n\n<p>El contralmirante Jaime Vela, jefe del Comando Conjunto de las Fuerzas Armadas afirm\u00f3 que la vivienda donde encontraron fusiles, pistolas y rev\u00f3lveres, era un centro de acopio de armas de  de Los Choneros.<\/p>\n\n\n\n<p>Los detenidos son Anthony Steven Parraga Sol\u00f3rzano (25), Enrique Ram\u00f3n Parraga Veintimilla (58), Freddy Josu\u00e9 Cede\u00f1o Pesantes (27) y Scarleth Naomy Cortez Reyes (18).<\/p>\n\n\n\n<p>Se decomis\u00f3 fusiles M4, 1 muni Uzi, 1 pistola Taurus, 1 pistola artesanal y m\u00e1s mil municiones: 449 municiones 5.56 mm, 611 municiones 9mm, 4 municiones 7,85 mm, 2 municiones calibre 38, 2 municiones calibre 12, 2 municiones 9mm percutidas. Tambi\u00e9n decomisaron 2 alimentadoras glock, 4 alimentadoras fusil M4. drogas, 8 celulares, dos computadoras y 2 gramera.<\/p>\n\n\n\n<p><\/p>\n","protected":false},"excerpt":{"rendered":"<p>El contralmirante Jaime Vela, jefe del Comando Conjunto de las Fuerzas Armadas afirm\u00f3 que la vivienda donde encontraron fusiles, pistolas y rev\u00f3lveres, era un centro de acopio de armas de  de Los Choneros.<\/p>\n","protected":false},"author":1,"featured_media":28068,"comment_status":"open","ping_status":"open","sticky":false,"template":"","format":"standard","meta":{"footnotes":""},"categories":[16],"tags":[91],"class_list":["post-28067","post","type-post","status-publish","format-standard","has-post-thumbnail","hentry","category-cronica","tag-cronica"],"_links":{"self":[{"href":"https:\/\/elmercuriomanta.ec\/index.php\/wp-json\/wp\/v2\/posts\/28067","targetHints":{"allow":["GET"]}}],"collection":[{"href":"https:\/\/elmercuriomanta.ec\/index.php\/wp-json\/wp\/v2\/posts"}],"about":[{"href":"https:\/\/elmercuriomanta.ec\/index.php\/wp-json\/wp\/v2\/types\/post"}],"author":[{"embeddable":true,"href":"https:\/\/elmercuriomanta.ec\/index.php\/wp-json\/wp\/v2\/users\/1"}],"replies":[{"embeddable":true,"href":"https:\/\/elmercuriomanta.ec\/index.php\/wp-json\/wp\/v2\/comments?post=28067"}],"version-history":[{"count":2,"href":"https:\/\/elmercuriomanta.ec\/index.php\/wp-json\/wp\/v2\/posts\/28067\/revisions"}],"predecessor-version":[{"id":28071,"href":"https:\/\/elmercuriomanta.ec\/index.php\/wp-json\/wp\/v2\/posts\/28067\/revisions\/28071"}],"wp:featuredmedia":[{"embeddable":true,"href":"https:\/\/elmercuriomanta.ec\/index.php\/wp-json\/wp\/v2\/media\/28068"}],"wp:attachment":[{"href":"https:\/\/elmercuriomanta.ec\/index.php\/wp-json\/wp\/v2\/media?parent=28067"}],"wp:term":[{"taxonomy":"category","embeddable":true,"href":"https:\/\/elmercuriomanta.ec\/index.php\/wp-json\/wp\/v2\/categories?post=28067"},{"taxonomy":"post_tag","embeddable":true,"href":"https:\/\/elmercuriomanta.ec\/index.php\/wp-json\/wp\/v2\/tags?post=28067"}],"curies":[{"name":"wp","href":"https:\/\/api.w.org\/{rel}","templated":true}]}}