{"id":28064,"date":"2024-09-17T12:36:52","date_gmt":"2024-09-17T17:36:52","guid":{"rendered":"https:\/\/elmercuriomanta.ec\/?p=28064"},"modified":"2024-09-17T12:36:54","modified_gmt":"2024-09-17T17:36:54","slug":"asi-aportara-el-sector-privado-a-la-generacion-electrica-nacional-en-epoca-de-deficit-o-estiaje","status":"publish","type":"post","link":"https:\/\/elmercuriomanta.ec\/index.php\/2024\/09\/17\/asi-aportara-el-sector-privado-a-la-generacion-electrica-nacional-en-epoca-de-deficit-o-estiaje\/","title":{"rendered":"As\u00ed aportar\u00e1 el sector privado a la generaci\u00f3n el\u00e9ctrica Nacional en \u00e9poca de d\u00e9ficit o estiaje"},"content":{"rendered":"\n<figure class=\"wp-block-image aligncenter size-large is-resized\"><img fetchpriority=\"high\" decoding=\"async\" width=\"1024\" height=\"512\" src=\"https:\/\/elmercuriomanta.ec\/wp-content\/uploads\/2024\/09\/image-201-1024x512.png\" alt=\"\" class=\"wp-image-28065\" style=\"width:354px;height:auto\" srcset=\"https:\/\/elmercuriomanta.ec\/wp-content\/uploads\/2024\/09\/image-201-1024x512.png 1024w, https:\/\/elmercuriomanta.ec\/wp-content\/uploads\/2024\/09\/image-201-300x150.png 300w, https:\/\/elmercuriomanta.ec\/wp-content\/uploads\/2024\/09\/image-201-768x384.png 768w, https:\/\/elmercuriomanta.ec\/wp-content\/uploads\/2024\/09\/image-201.png 1200w\" sizes=\"(max-width: 1024px) 100vw, 1024px\" \/><\/figure>\n\n\n\n<p>El Gobierno busca el apoyo del sector privado para enfrentar la crisis energ\u00e9tica y plantea compensaciones para atraer su respaldo. El plan del Operador Nacional de Electricidad (Cenace) es contar con \u201cgeneradores el\u00e9ctricos de emergencia\u201d, que se activen en periodos de d\u00e9ficit y racionamientos, como el actual.&nbsp;<\/p>\n\n\n\n<p>La generaci\u00f3n adicional llegar\u00e1 de empresas y ciudadanos que cuenten con generadores de m\u00e1s de 100 kilovatios. Para hacerlo, las empresas el\u00e9ctricas deber\u00e1n calificar y registrar los generadores que se sumar\u00e1n a la producci\u00f3n nacional. AS\u00cd FUNCIONAR\u00c1 LA GENERACI\u00d3N DESDE EL SECTOR PRIVADO Quienes cuenten con generadores de la potencia se\u00f1alada debe calificarse por la empresa el\u00e9ctrica de su zona; estas ser\u00e1n las responsables de instalar medidores que registrar\u00e1n tanto su consumo habitual como la energ\u00eda que generen en los momentos de mayor necesidad.&nbsp;<\/p>\n\n\n\n<p>La certificaci\u00f3n tomar\u00e1 hasta 14 d\u00edas, desde que se presenta la solicitud para la calificaci\u00f3n. El siguiente paso es la inspecci\u00f3n de las instalaciones del generador de emergencia, que se har\u00e1 en un plazo de hasta tres d\u00edas; y el posterior informe de calificaci\u00f3n (2 d\u00edas).&nbsp;<\/p>\n\n\n\n<p>Si hay alguna observaci\u00f3n, el interesado tiene hasta cinco d\u00edas para subsanarlas; luego se emite un certificado de calificaci\u00f3n (2 d\u00edas) que habilita la instalaci\u00f3n del medidor y podr\u00e1 aportar a la red el\u00e9ctrica nacional cuando se requiera.<\/p>\n\n\n\n<p><\/p>\n","protected":false},"excerpt":{"rendered":"<p>El Gobierno busca el apoyo del sector privado para enfrentar la crisis energ\u00e9tica y plantea compensaciones para atraer su respaldo. El plan del Operador Nacional de Electricidad (Cenace) es contar con \u201cgeneradores el\u00e9ctricos de emergencia\u201d, que se activen en periodos de d\u00e9ficit y racionamientos, como el actual.\u00a0<\/p>\n","protected":false},"author":1,"featured_media":28065,"comment_status":"open","ping_status":"open","sticky":false,"template":"","format":"standard","meta":{"footnotes":""},"categories":[20,83],"tags":[23],"class_list":["post-28064","post","type-post","status-publish","format-standard","has-post-thumbnail","hentry","category-portada-2","category-sucesos","tag-ecuador"],"_links":{"self":[{"href":"https:\/\/elmercuriomanta.ec\/index.php\/wp-json\/wp\/v2\/posts\/28064","targetHints":{"allow":["GET"]}}],"collection":[{"href":"https:\/\/elmercuriomanta.ec\/index.php\/wp-json\/wp\/v2\/posts"}],"about":[{"href":"https:\/\/elmercuriomanta.ec\/index.php\/wp-json\/wp\/v2\/types\/post"}],"author":[{"embeddable":true,"href":"https:\/\/elmercuriomanta.ec\/index.php\/wp-json\/wp\/v2\/users\/1"}],"replies":[{"embeddable":true,"href":"https:\/\/elmercuriomanta.ec\/index.php\/wp-json\/wp\/v2\/comments?post=28064"}],"version-history":[{"count":1,"href":"https:\/\/elmercuriomanta.ec\/index.php\/wp-json\/wp\/v2\/posts\/28064\/revisions"}],"predecessor-version":[{"id":28066,"href":"https:\/\/elmercuriomanta.ec\/index.php\/wp-json\/wp\/v2\/posts\/28064\/revisions\/28066"}],"wp:featuredmedia":[{"embeddable":true,"href":"https:\/\/elmercuriomanta.ec\/index.php\/wp-json\/wp\/v2\/media\/28065"}],"wp:attachment":[{"href":"https:\/\/elmercuriomanta.ec\/index.php\/wp-json\/wp\/v2\/media?parent=28064"}],"wp:term":[{"taxonomy":"category","embeddable":true,"href":"https:\/\/elmercuriomanta.ec\/index.php\/wp-json\/wp\/v2\/categories?post=28064"},{"taxonomy":"post_tag","embeddable":true,"href":"https:\/\/elmercuriomanta.ec\/index.php\/wp-json\/wp\/v2\/tags?post=28064"}],"curies":[{"name":"wp","href":"https:\/\/api.w.org\/{rel}","templated":true}]}}