{"id":28052,"date":"2024-09-17T11:26:57","date_gmt":"2024-09-17T16:26:57","guid":{"rendered":"https:\/\/elmercuriomanta.ec\/?p=28052"},"modified":"2024-09-17T11:26:59","modified_gmt":"2024-09-17T16:26:59","slug":"inauguran-exposicion-binacional-alfaro-inspira-en-el-museo-portoviejo","status":"publish","type":"post","link":"https:\/\/elmercuriomanta.ec\/index.php\/2024\/09\/17\/inauguran-exposicion-binacional-alfaro-inspira-en-el-museo-portoviejo\/","title":{"rendered":"Inauguran Exposici\u00f3n Binacional \u00abalfaro inspira\u00bb en el Museo Portoviejo"},"content":{"rendered":"\n<figure class=\"wp-block-image aligncenter size-full\"><img fetchpriority=\"high\" decoding=\"async\" width=\"300\" height=\"225\" src=\"https:\/\/elmercuriomanta.ec\/wp-content\/uploads\/2024\/09\/image-199.png\" alt=\"\" class=\"wp-image-28053\"\/><\/figure>\n\n\n\n<p>El Museo Portoviejo y Archivo Hist\u00f3rico ha inaugurado la exposici\u00f3n binacional \u00abAlfaro Inspira\u00bb, una destacada muestra art\u00edstica que rinde homenaje al General Eloy Alfaro en conmemoraci\u00f3n de su legado y visi\u00f3n transformadora para el pa\u00eds. La exposici\u00f3n, organizada en colaboraci\u00f3n con el Movimiento Cultural Urbano, cuenta con la participaci\u00f3n de 30 talentosos artistas de diferentes regiones del pa\u00eds.&nbsp;<\/p>\n\n\n\n<p>\u00abAlfaro Inspira\u00bb es parte del proyecto Arte Inspira, una iniciativa lanzada en 2019 con el objetivo de conmemorar figuras ic\u00f3nicas como el maestro Oswaldo Guayasam\u00edn, y que ahora dirige su enfoque hacia el General Alfaro, resaltando su influencia a trav\u00e9s del arte.<\/p>\n\n\n\n<p>&nbsp;La muestra exhibe 27 obras originales, realizadas en diversas t\u00e9cnicas como grafito, acr\u00edlico, l\u00e1pices de colores, acuarela, \u00f3leo y pirograbado. Cada pieza ofrece una interpretaci\u00f3n \u00fanica del impacto de Alfaro en la historia, invitando al p\u00fablico a reflexionar sobre su vida y contribuciones. Esta exhibici\u00f3n itinerante recorrer\u00e1 varias localidades de las provincias de Manab\u00ed y El Oro, as\u00ed como en Per\u00fa, permitiendo que m\u00e1s personas disfruten de esta celebraci\u00f3n art\u00edstica.<\/p>\n\n\n\n<p>&nbsp;La exposici\u00f3n permanecer\u00e1 abierta al p\u00fablico hasta el 30 de septiembre de 2024, brindando la oportunidad de sumergirse en la riqueza cultural que celebra la vida y obra de uno de los m\u00e1s grandes pr\u00f3ceres del Ecuador.<\/p>\n","protected":false},"excerpt":{"rendered":"<p>El Museo Portoviejo y Archivo Hist\u00f3rico ha inaugurado la exposici\u00f3n binacional \u00abAlfaro Inspira\u00bb, una destacada muestra art\u00edstica que rinde homenaje al General Eloy Alfaro en conmemoraci\u00f3n de su legado y visi\u00f3n transformadora para el pa\u00eds. La exposici\u00f3n, organizada en colaboraci\u00f3n con el Movimiento Cultural Urbano, cuenta con la participaci\u00f3n de 30 talentosos artistas de diferentes regiones del pa\u00eds.\u00a0<\/p>\n","protected":false},"author":1,"featured_media":28053,"comment_status":"open","ping_status":"open","sticky":false,"template":"","format":"standard","meta":{"footnotes":""},"categories":[21,83],"tags":[29],"class_list":["post-28052","post","type-post","status-publish","format-standard","has-post-thumbnail","hentry","category-noticia-del-dia","category-sucesos","tag-manabi"],"_links":{"self":[{"href":"https:\/\/elmercuriomanta.ec\/index.php\/wp-json\/wp\/v2\/posts\/28052","targetHints":{"allow":["GET"]}}],"collection":[{"href":"https:\/\/elmercuriomanta.ec\/index.php\/wp-json\/wp\/v2\/posts"}],"about":[{"href":"https:\/\/elmercuriomanta.ec\/index.php\/wp-json\/wp\/v2\/types\/post"}],"author":[{"embeddable":true,"href":"https:\/\/elmercuriomanta.ec\/index.php\/wp-json\/wp\/v2\/users\/1"}],"replies":[{"embeddable":true,"href":"https:\/\/elmercuriomanta.ec\/index.php\/wp-json\/wp\/v2\/comments?post=28052"}],"version-history":[{"count":2,"href":"https:\/\/elmercuriomanta.ec\/index.php\/wp-json\/wp\/v2\/posts\/28052\/revisions"}],"predecessor-version":[{"id":28063,"href":"https:\/\/elmercuriomanta.ec\/index.php\/wp-json\/wp\/v2\/posts\/28052\/revisions\/28063"}],"wp:featuredmedia":[{"embeddable":true,"href":"https:\/\/elmercuriomanta.ec\/index.php\/wp-json\/wp\/v2\/media\/28053"}],"wp:attachment":[{"href":"https:\/\/elmercuriomanta.ec\/index.php\/wp-json\/wp\/v2\/media?parent=28052"}],"wp:term":[{"taxonomy":"category","embeddable":true,"href":"https:\/\/elmercuriomanta.ec\/index.php\/wp-json\/wp\/v2\/categories?post=28052"},{"taxonomy":"post_tag","embeddable":true,"href":"https:\/\/elmercuriomanta.ec\/index.php\/wp-json\/wp\/v2\/tags?post=28052"}],"curies":[{"name":"wp","href":"https:\/\/api.w.org\/{rel}","templated":true}]}}