{"id":28049,"date":"2024-09-17T10:30:55","date_gmt":"2024-09-17T15:30:55","guid":{"rendered":"https:\/\/elmercuriomanta.ec\/?p=28049"},"modified":"2024-09-17T10:30:57","modified_gmt":"2024-09-17T15:30:57","slug":"banco-central-reduce-proyeccion-de-crecimiento-en-la-economia-de-ecuador-para-2024","status":"publish","type":"post","link":"https:\/\/elmercuriomanta.ec\/index.php\/2024\/09\/17\/banco-central-reduce-proyeccion-de-crecimiento-en-la-economia-de-ecuador-para-2024\/","title":{"rendered":"Banco central reduce proyecci\u00f3n de crecimiento en la econom\u00eda de Ecuador para 2024"},"content":{"rendered":"\n<figure class=\"wp-block-image aligncenter size-large is-resized\"><img fetchpriority=\"high\" decoding=\"async\" width=\"1024\" height=\"576\" src=\"https:\/\/elmercuriomanta.ec\/wp-content\/uploads\/2024\/09\/image-198-1024x576.png\" alt=\"\" class=\"wp-image-28050\" style=\"width:323px;height:auto\" srcset=\"https:\/\/elmercuriomanta.ec\/wp-content\/uploads\/2024\/09\/image-198-1024x576.png 1024w, https:\/\/elmercuriomanta.ec\/wp-content\/uploads\/2024\/09\/image-198-300x169.png 300w, https:\/\/elmercuriomanta.ec\/wp-content\/uploads\/2024\/09\/image-198-768x432.png 768w, https:\/\/elmercuriomanta.ec\/wp-content\/uploads\/2024\/09\/image-198-1536x864.png 1536w, https:\/\/elmercuriomanta.ec\/wp-content\/uploads\/2024\/09\/image-198.png 1920w\" sizes=\"(max-width: 1024px) 100vw, 1024px\" \/><\/figure>\n\n\n\n<p>El Banco Central de Ecuador (BCE) redujo la proyecci\u00f3n de crecimiento de la econom\u00eda ecuatoriana para 2024. Seg\u00fan la entidad en este a\u00f1o \u00fanicamente habr\u00e1 un crecimiento de 0,9%. La cifra es menor al 1% que proyect\u00f3 el BCE en marzo de este 2024.&nbsp;<\/p>\n\n\n\n<p>Seg\u00fan el \u00faltimo informe de la entidad, emitido el viernes 13 de septiembre del 2024, se prev\u00e9 una desaceleraci\u00f3n en el consumo de los hogares, la inversi\u00f3n privada y una importante contracci\u00f3n de -0,8% en las importaciones. Aunque baj\u00f3, la proyecci\u00f3n del Banco Central sigue siendo m\u00e1s optimista que la de otros organismos, como el Fondo Monetario Internacional (FMI), que prev\u00e9 que la econom\u00eda de Ecuador solo crecer\u00e1 0,1%.<\/p>\n\n\n\n<p><\/p>\n","protected":false},"excerpt":{"rendered":"<p>El Banco Central de Ecuador (BCE) redujo la proyecci\u00f3n de crecimiento de la econom\u00eda ecuatoriana para 2024. Seg\u00fan la entidad en este a\u00f1o \u00fanicamente habr\u00e1 un crecimiento de 0,9%. La cifra es menor al 1% que proyect\u00f3 el BCE en marzo de este 2024.\u00a0<\/p>\n","protected":false},"author":1,"featured_media":28050,"comment_status":"open","ping_status":"open","sticky":false,"template":"","format":"standard","meta":{"footnotes":""},"categories":[20,83],"tags":[23],"class_list":["post-28049","post","type-post","status-publish","format-standard","has-post-thumbnail","hentry","category-portada-2","category-sucesos","tag-ecuador"],"_links":{"self":[{"href":"https:\/\/elmercuriomanta.ec\/index.php\/wp-json\/wp\/v2\/posts\/28049","targetHints":{"allow":["GET"]}}],"collection":[{"href":"https:\/\/elmercuriomanta.ec\/index.php\/wp-json\/wp\/v2\/posts"}],"about":[{"href":"https:\/\/elmercuriomanta.ec\/index.php\/wp-json\/wp\/v2\/types\/post"}],"author":[{"embeddable":true,"href":"https:\/\/elmercuriomanta.ec\/index.php\/wp-json\/wp\/v2\/users\/1"}],"replies":[{"embeddable":true,"href":"https:\/\/elmercuriomanta.ec\/index.php\/wp-json\/wp\/v2\/comments?post=28049"}],"version-history":[{"count":1,"href":"https:\/\/elmercuriomanta.ec\/index.php\/wp-json\/wp\/v2\/posts\/28049\/revisions"}],"predecessor-version":[{"id":28051,"href":"https:\/\/elmercuriomanta.ec\/index.php\/wp-json\/wp\/v2\/posts\/28049\/revisions\/28051"}],"wp:featuredmedia":[{"embeddable":true,"href":"https:\/\/elmercuriomanta.ec\/index.php\/wp-json\/wp\/v2\/media\/28050"}],"wp:attachment":[{"href":"https:\/\/elmercuriomanta.ec\/index.php\/wp-json\/wp\/v2\/media?parent=28049"}],"wp:term":[{"taxonomy":"category","embeddable":true,"href":"https:\/\/elmercuriomanta.ec\/index.php\/wp-json\/wp\/v2\/categories?post=28049"},{"taxonomy":"post_tag","embeddable":true,"href":"https:\/\/elmercuriomanta.ec\/index.php\/wp-json\/wp\/v2\/tags?post=28049"}],"curies":[{"name":"wp","href":"https:\/\/api.w.org\/{rel}","templated":true}]}}