{"id":28019,"date":"2024-09-16T17:43:25","date_gmt":"2024-09-16T22:43:25","guid":{"rendered":"https:\/\/elmercuriomanta.ec\/?p=28019"},"modified":"2024-09-16T17:43:27","modified_gmt":"2024-09-16T22:43:27","slug":"70-radares-de-la-cte-fueron-clausurados","status":"publish","type":"post","link":"https:\/\/elmercuriomanta.ec\/index.php\/2024\/09\/16\/70-radares-de-la-cte-fueron-clausurados\/","title":{"rendered":"70 Radares de la CTE fueron clausurados"},"content":{"rendered":"\n<figure class=\"wp-block-image aligncenter size-full is-resized\"><img fetchpriority=\"high\" decoding=\"async\" width=\"640\" height=\"360\" src=\"https:\/\/elmercuriomanta.ec\/wp-content\/uploads\/2024\/09\/image-196.png\" alt=\"\" class=\"wp-image-28020\" style=\"width:396px;height:auto\" srcset=\"https:\/\/elmercuriomanta.ec\/wp-content\/uploads\/2024\/09\/image-196.png 640w, https:\/\/elmercuriomanta.ec\/wp-content\/uploads\/2024\/09\/image-196-300x169.png 300w\" sizes=\"(max-width: 640px) 100vw, 640px\" \/><\/figure>\n\n\n\n<p>Los radares de la CTE (Comisi\u00f3n de Tr\u00e1nsito de Ecuador), cuyo apagado comenz\u00f3 en Nobol, siguen en la disputa entre el gobierno y los consorcios que cobran las multas por velocidad. Es as\u00ed que este 16 de septiembre, el ministro de Transporte, Roberto Luque, se refiri\u00f3 a la operaci\u00f3n de&nbsp; estos equipos.&nbsp;<\/p>\n\n\n\n<p>Seg\u00fan asever\u00f3 Luque, en entrevista con Teleamazonas, los contratos suscritos entre la CTE y dos empresas, ser\u00e1n revisados por Contralor\u00eda, por pedido del gobierno.&nbsp;<\/p>\n\n\n\n<p>Una vez que el gobierno tenga los resultados de esa auditor\u00eda, se decidir\u00e1 los mecanismos para dar por terminado esos contratos.&nbsp;<\/p>\n\n\n\n<p>\u201cVamos a esperar el examen de Contralor\u00eda General del Estado para ver los resultados (\u2026) No es un contrato con el que gobierno del Nuevo Ecuador quiere seguir trabajando\u201d, agreg\u00f3 Luque.&nbsp;<\/p>\n\n\n\n<p>Estas son las ciudades 24 ciudades donde la CTE suspender\u00e1 sus radares&nbsp;<br>Pero, \u00bfcu\u00e1ntos radares exactamente se han apagado hasta ahora en Ecuador, tras la decisi\u00f3n del gobierno? Esto explic\u00f3 el Ministro.&nbsp;<\/p>\n\n\n\n<p>En total, 183 radares de la CTE ser\u00e1n clausurados. De este total, 70 ya fueron suspendidos a inicios de agosto de 2024.&nbsp;Estos equipos se ubicaban en zonas de curva y con bajos \u00edndices de siniestro.&nbsp;<br>Otros 113 radares con falencias t\u00e9cnicas ser\u00e1n revisados y posteriormente suspendidos, seg\u00fan una resoluci\u00f3n aprobada el domingo.&nbsp;<br>Seg\u00fan Luque, hay otros 60 radares, colocados por las mancomunidades de gobiernos aut\u00f3nomos descentralizados (GAD), que tambi\u00e9n ser\u00e1n apagados.&nbsp;<br>Estos equipos de las llamadas mancomunidades fueron colocados, seg\u00fan Luque, a trav\u00e9s de gestiones &#8216;irregulares&#8217; con los consorcios, puesto que los Municipios tipo B, no tienen la competencia vial en sus juridiscciones.&nbsp;<br>Los radares, que ya han sido apagados en algunas v\u00edas, presentan un sticker o se\u00f1al de color rojo que dice &#8216;Clausurado&#8217;.&nbsp;<br>Sobre las multas que han sido emitidas por los radares suspendidos, Luque pidi\u00f3 a los ciudadanos afectados que interpongan las respectivas impugnaciones.&nbsp;<br>De acuerdo con el ministro Luque, la decisi\u00f3n de suspender y revisar la operaci\u00f3n de los radares ocurre porque el objetivo de estos equipos se ha devirtuado; puesto que estar\u00edan sirviendo solo para la recaudaci\u00f3n de multas y no para prevenir accidentes de tr\u00e1nsito en las carreteras.&nbsp;<br>Para hacer uso de este contenido cite la fuente y haga un enlace a la nota original en https:\/\/www.primicias.ec\/sociedad\/radares-clausurados-cte-suspension-multas-ecuador-78908\/?utm_source=twitter&amp;utm_medium=social<\/p>\n","protected":false},"excerpt":{"rendered":"<p>Los radares de la CTE (Comisi\u00f3n de Tr\u00e1nsito de Ecuador), cuyo apagado comenz\u00f3 en Nobol, siguen en la disputa entre el gobierno y los consorcios que cobran las multas por velocidad. Es as\u00ed que este 16 de septiembre, el ministro de Transporte, Roberto Luque, se refiri\u00f3 a la operaci\u00f3n de\u00a0 estos equipos.\u00a0<\/p>\n","protected":false},"author":1,"featured_media":28020,"comment_status":"open","ping_status":"open","sticky":false,"template":"","format":"standard","meta":{"footnotes":""},"categories":[20,83],"tags":[23],"class_list":["post-28019","post","type-post","status-publish","format-standard","has-post-thumbnail","hentry","category-portada-2","category-sucesos","tag-ecuador"],"_links":{"self":[{"href":"https:\/\/elmercuriomanta.ec\/index.php\/wp-json\/wp\/v2\/posts\/28019","targetHints":{"allow":["GET"]}}],"collection":[{"href":"https:\/\/elmercuriomanta.ec\/index.php\/wp-json\/wp\/v2\/posts"}],"about":[{"href":"https:\/\/elmercuriomanta.ec\/index.php\/wp-json\/wp\/v2\/types\/post"}],"author":[{"embeddable":true,"href":"https:\/\/elmercuriomanta.ec\/index.php\/wp-json\/wp\/v2\/users\/1"}],"replies":[{"embeddable":true,"href":"https:\/\/elmercuriomanta.ec\/index.php\/wp-json\/wp\/v2\/comments?post=28019"}],"version-history":[{"count":1,"href":"https:\/\/elmercuriomanta.ec\/index.php\/wp-json\/wp\/v2\/posts\/28019\/revisions"}],"predecessor-version":[{"id":28021,"href":"https:\/\/elmercuriomanta.ec\/index.php\/wp-json\/wp\/v2\/posts\/28019\/revisions\/28021"}],"wp:featuredmedia":[{"embeddable":true,"href":"https:\/\/elmercuriomanta.ec\/index.php\/wp-json\/wp\/v2\/media\/28020"}],"wp:attachment":[{"href":"https:\/\/elmercuriomanta.ec\/index.php\/wp-json\/wp\/v2\/media?parent=28019"}],"wp:term":[{"taxonomy":"category","embeddable":true,"href":"https:\/\/elmercuriomanta.ec\/index.php\/wp-json\/wp\/v2\/categories?post=28019"},{"taxonomy":"post_tag","embeddable":true,"href":"https:\/\/elmercuriomanta.ec\/index.php\/wp-json\/wp\/v2\/tags?post=28019"}],"curies":[{"name":"wp","href":"https:\/\/api.w.org\/{rel}","templated":true}]}}