{"id":28006,"date":"2024-09-16T15:25:27","date_gmt":"2024-09-16T20:25:27","guid":{"rendered":"https:\/\/elmercuriomanta.ec\/?p=28006"},"modified":"2024-09-16T15:25:30","modified_gmt":"2024-09-16T20:25:30","slug":"nos-unimos-para-impulsar-postulacion-de-manabi-gastronomica-mundial","status":"publish","type":"post","link":"https:\/\/elmercuriomanta.ec\/index.php\/2024\/09\/16\/nos-unimos-para-impulsar-postulacion-de-manabi-gastronomica-mundial\/","title":{"rendered":"Nos unimos para impulsar postulaci\u00f3n\u00a0 de Manab\u00ed Gastron\u00f3mica Mundial\u00a0"},"content":{"rendered":"\n<div class=\"wp-block-columns is-layout-flex wp-container-core-columns-is-layout-28f84493 wp-block-columns-is-layout-flex\">\n<div class=\"wp-block-column is-layout-flow wp-block-column-is-layout-flow\">\n<figure class=\"wp-block-image size-large\"><img fetchpriority=\"high\" decoding=\"async\" width=\"1024\" height=\"683\" src=\"https:\/\/elmercuriomanta.ec\/wp-content\/uploads\/2024\/09\/WhatsApp-Image-2024-09-16-at-14.21.39-1024x683.jpeg\" alt=\"\" class=\"wp-image-28007\" srcset=\"https:\/\/elmercuriomanta.ec\/wp-content\/uploads\/2024\/09\/WhatsApp-Image-2024-09-16-at-14.21.39-1024x683.jpeg 1024w, https:\/\/elmercuriomanta.ec\/wp-content\/uploads\/2024\/09\/WhatsApp-Image-2024-09-16-at-14.21.39-300x200.jpeg 300w, https:\/\/elmercuriomanta.ec\/wp-content\/uploads\/2024\/09\/WhatsApp-Image-2024-09-16-at-14.21.39-768x512.jpeg 768w, https:\/\/elmercuriomanta.ec\/wp-content\/uploads\/2024\/09\/WhatsApp-Image-2024-09-16-at-14.21.39-1536x1024.jpeg 1536w, https:\/\/elmercuriomanta.ec\/wp-content\/uploads\/2024\/09\/WhatsApp-Image-2024-09-16-at-14.21.39-2048x1366.jpeg 2048w\" sizes=\"(max-width: 1024px) 100vw, 1024px\" \/><\/figure>\n<\/div>\n\n\n\n<div class=\"wp-block-column is-layout-flow wp-block-column-is-layout-flow\">\n<figure class=\"wp-block-image size-large\"><img decoding=\"async\" width=\"1024\" height=\"683\" src=\"https:\/\/elmercuriomanta.ec\/wp-content\/uploads\/2024\/09\/WhatsApp-Image-2024-09-16-at-14.21.39-2-1024x683.jpeg\" alt=\"\" class=\"wp-image-28008\" srcset=\"https:\/\/elmercuriomanta.ec\/wp-content\/uploads\/2024\/09\/WhatsApp-Image-2024-09-16-at-14.21.39-2-1024x683.jpeg 1024w, https:\/\/elmercuriomanta.ec\/wp-content\/uploads\/2024\/09\/WhatsApp-Image-2024-09-16-at-14.21.39-2-300x200.jpeg 300w, https:\/\/elmercuriomanta.ec\/wp-content\/uploads\/2024\/09\/WhatsApp-Image-2024-09-16-at-14.21.39-2-768x512.jpeg 768w, https:\/\/elmercuriomanta.ec\/wp-content\/uploads\/2024\/09\/WhatsApp-Image-2024-09-16-at-14.21.39-2-1536x1024.jpeg 1536w, https:\/\/elmercuriomanta.ec\/wp-content\/uploads\/2024\/09\/WhatsApp-Image-2024-09-16-at-14.21.39-2-2048x1366.jpeg 2048w\" sizes=\"(max-width: 1024px) 100vw, 1024px\" \/><\/figure>\n<\/div>\n<\/div>\n\n\n\n<p>El sector tur\u00edstico y hotelero de Manab\u00ed conoci\u00f3, este 16 de septiembre, detalles de las acciones que se desarrollan como parte de la postulaci\u00f3n de \u201cManab\u00ed como Regi\u00f3n Gastron\u00f3mica Mundial\u201d. El tema se trat\u00f3 durante un desayuno de trabajo que organiz\u00f3 el Comit\u00e9 Promotor en el Bar 6 de Diciembre de Portoviejo.<\/p>\n\n\n\n<p>El Comit\u00e9 Promotor de esa postulaci\u00f3n, que busca ubicar la gastronom\u00eda ancestral de Manab\u00ed en el plano internacionales, est\u00e1 integrado por la&nbsp;Prefectura, Fundaci\u00f3n Fuegos, Universidad Laica Eloy Alfaro, y la C\u00e1mara de Industria y Producci\u00f3n de Manab\u00ed.<\/p>\n\n\n\n<figure class=\"wp-block-image aligncenter size-large is-resized\"><img decoding=\"async\" width=\"1024\" height=\"683\" src=\"https:\/\/elmercuriomanta.ec\/wp-content\/uploads\/2024\/09\/WhatsApp-Image-2024-09-16-at-14.21.39-1-1024x683.jpeg\" alt=\"\" class=\"wp-image-28009\" style=\"width:178px;height:auto\" srcset=\"https:\/\/elmercuriomanta.ec\/wp-content\/uploads\/2024\/09\/WhatsApp-Image-2024-09-16-at-14.21.39-1-1024x683.jpeg 1024w, https:\/\/elmercuriomanta.ec\/wp-content\/uploads\/2024\/09\/WhatsApp-Image-2024-09-16-at-14.21.39-1-300x200.jpeg 300w, https:\/\/elmercuriomanta.ec\/wp-content\/uploads\/2024\/09\/WhatsApp-Image-2024-09-16-at-14.21.39-1-768x512.jpeg 768w, https:\/\/elmercuriomanta.ec\/wp-content\/uploads\/2024\/09\/WhatsApp-Image-2024-09-16-at-14.21.39-1-1536x1024.jpeg 1536w, https:\/\/elmercuriomanta.ec\/wp-content\/uploads\/2024\/09\/WhatsApp-Image-2024-09-16-at-14.21.39-1-2048x1366.jpeg 2048w\" sizes=\"(max-width: 1024px) 100vw, 1024px\" \/><\/figure>\n\n\n\n<p>La cocina tradicional y ancestral de Manab\u00ed es \u00fanica, y verdaderamente m\u00e1gica, sostuvo el prefecto Leonardo Orlando, e indic\u00f3 que la gastronom\u00eda milenaria est\u00e1 incluida en el Plan de Desarrollo y Ordenamiento Territorial (PDOT), dentro del eje Manab\u00ed Pr\u00f3spero.<\/p>\n\n\n\n<p>\u00abLa postulaci\u00f3n y designaci\u00f3n es un medio para algo mucho m\u00e1s grande, es buscar esa prosperidad y desarrollo sostenible, y; ese reconocimiento a las historias gastron\u00f3micas para reconocer a nuestros productores, con un enfoque de producci\u00f3n sostenible\u00bb, manifest\u00f3 el Prefecto.<\/p>\n\n\n\n<p>Marcos Zambrano, Rector de la Universidad Laica Eloy Alfaro de Manab\u00ed, sostuvo que las universidades est\u00e1n obligadas a transmitir estos conocimientos ancestrales a los j\u00f3venes, pero tambi\u00e9n de ense\u00f1arles valores de nuestra tierra como las costumbres y ra\u00edces.<\/p>\n\n\n\n<p>Manab\u00ed, participa en esta postulaci\u00f3n, junto a otros pa\u00edses, ante el Instituto de Gastronom\u00eda, Cultura, Arte y Turismo (IGCAT), bajo la marca \u00abManab\u00ed Gastronom\u00eda Milenaria\u00bb<\/p>\n\n\n\n<p>En la postulaci\u00f3n se resalta la tradici\u00f3n culinaria manabita, t\u00e9cnicas culinarias \u00fanicas de esta regi\u00f3n que a\u00fan se mantiene en la provincia, y se asume el compromiso de preservar esa herencia gastron\u00f3mica que ha pasado de generaci\u00f3n en generaci\u00f3n.<\/p>\n\n\n\n<p>La evaluaci\u00f3n la har\u00e1 jurado calificador del Instituto Internacional de Gastronom\u00eda, Cultura, Arte y Turismo (IGCAT), conformado por personas expertas en gastronom\u00eda&nbsp; de varios pa\u00edses del mundo, que visitar\u00e1 a Manab\u00ed para conocer de esta gastronom\u00eda. &nbsp;&nbsp;&nbsp;<\/p>\n\n\n\n<p><strong>Pr\u00f3ximas actividades a desarrollarse, como parte de esta postulaci\u00f3n:<\/strong><\/p>\n\n\n\n<ul class=\"wp-block-list\">\n<li>El 5 de Octubre- Festival de Caf\u00e9 y Cacao. Ser\u00e1 en Las Vegas en la ciudad de\u00a0\u00a0 Portoviejo. Desde las 09h00 hasta las 16h00.<\/li>\n\n\n\n<li>12 de Oct. Festival Manab\u00ed gastronom\u00eda Milenaria\u00a0 \/ ser\u00e1 en QUITO en el Centro de exposiciones.<\/li>\n\n\n\n<li>21 al 25 de Octubre- Feria cient\u00edfica en la Universidad T\u00e9cnica de Manab\u00ed (UTM) en Portoviejo.<\/li>\n\n\n\n<li>25 Octubre &#8211; Expoceb\u00fa-Chone &#8211; Feria Gastron\u00f3mica internacional \/ Ser\u00e1 en\u00a0 La Rotonda\u00a0 de la ciudad de Portoviejo.<\/li>\n<\/ul>\n","protected":false},"excerpt":{"rendered":"<p>El sector tur\u00edstico y hotelero de Manab\u00ed conoci\u00f3, este 16 de septiembre, detalles de las acciones que se desarrollan como parte de la postulaci\u00f3n de \u201cManab\u00ed como Regi\u00f3n Gastron\u00f3mica Mundial\u201d. El tema se trat\u00f3 durante un desayuno de trabajo que organiz\u00f3 el Comit\u00e9 Promotor en el Bar 6 de Diciembre de Portoviejo.<\/p>\n","protected":false},"author":1,"featured_media":28007,"comment_status":"open","ping_status":"open","sticky":false,"template":"","format":"standard","meta":{"footnotes":""},"categories":[20,83],"tags":[23,29],"class_list":["post-28006","post","type-post","status-publish","format-standard","has-post-thumbnail","hentry","category-portada-2","category-sucesos","tag-ecuador","tag-manabi"],"_links":{"self":[{"href":"https:\/\/elmercuriomanta.ec\/index.php\/wp-json\/wp\/v2\/posts\/28006","targetHints":{"allow":["GET"]}}],"collection":[{"href":"https:\/\/elmercuriomanta.ec\/index.php\/wp-json\/wp\/v2\/posts"}],"about":[{"href":"https:\/\/elmercuriomanta.ec\/index.php\/wp-json\/wp\/v2\/types\/post"}],"author":[{"embeddable":true,"href":"https:\/\/elmercuriomanta.ec\/index.php\/wp-json\/wp\/v2\/users\/1"}],"replies":[{"embeddable":true,"href":"https:\/\/elmercuriomanta.ec\/index.php\/wp-json\/wp\/v2\/comments?post=28006"}],"version-history":[{"count":2,"href":"https:\/\/elmercuriomanta.ec\/index.php\/wp-json\/wp\/v2\/posts\/28006\/revisions"}],"predecessor-version":[{"id":28011,"href":"https:\/\/elmercuriomanta.ec\/index.php\/wp-json\/wp\/v2\/posts\/28006\/revisions\/28011"}],"wp:featuredmedia":[{"embeddable":true,"href":"https:\/\/elmercuriomanta.ec\/index.php\/wp-json\/wp\/v2\/media\/28007"}],"wp:attachment":[{"href":"https:\/\/elmercuriomanta.ec\/index.php\/wp-json\/wp\/v2\/media?parent=28006"}],"wp:term":[{"taxonomy":"category","embeddable":true,"href":"https:\/\/elmercuriomanta.ec\/index.php\/wp-json\/wp\/v2\/categories?post=28006"},{"taxonomy":"post_tag","embeddable":true,"href":"https:\/\/elmercuriomanta.ec\/index.php\/wp-json\/wp\/v2\/tags?post=28006"}],"curies":[{"name":"wp","href":"https:\/\/api.w.org\/{rel}","templated":true}]}}