{"id":27994,"date":"2024-09-16T11:54:13","date_gmt":"2024-09-16T16:54:13","guid":{"rendered":"https:\/\/elmercuriomanta.ec\/?p=27994"},"modified":"2024-09-16T11:54:16","modified_gmt":"2024-09-16T16:54:16","slug":"se-establecera-toque-de-queda-durante-el-apagon-nacional-del-18-y-19-de-septiembre","status":"publish","type":"post","link":"https:\/\/elmercuriomanta.ec\/index.php\/2024\/09\/16\/se-establecera-toque-de-queda-durante-el-apagon-nacional-del-18-y-19-de-septiembre\/","title":{"rendered":"\u00a0Se \u00a0establecer\u00e1 toque de queda durante el apag\u00f3n nacional del 18 y 19 de septiembre"},"content":{"rendered":"\n<figure class=\"wp-block-image aligncenter size-large is-resized\"><img fetchpriority=\"high\" decoding=\"async\" width=\"1024\" height=\"512\" src=\"https:\/\/elmercuriomanta.ec\/wp-content\/uploads\/2024\/09\/image-190-1024x512.png\" alt=\"\" class=\"wp-image-27995\" style=\"width:199px;height:auto\" srcset=\"https:\/\/elmercuriomanta.ec\/wp-content\/uploads\/2024\/09\/image-190-1024x512.png 1024w, https:\/\/elmercuriomanta.ec\/wp-content\/uploads\/2024\/09\/image-190-300x150.png 300w, https:\/\/elmercuriomanta.ec\/wp-content\/uploads\/2024\/09\/image-190-768x384.png 768w, https:\/\/elmercuriomanta.ec\/wp-content\/uploads\/2024\/09\/image-190.png 1200w\" sizes=\"(max-width: 1024px) 100vw, 1024px\" \/><\/figure>\n\n\n\n<p>\u00a0En una rueda de prensa, la ministra del Interior,\u00a0<strong>M\u00f3nica Palencia N\u00fa\u00f1ez<\/strong> anunci\u00f3 que habr\u00e1 un toque de queda, a escala nacional, por el apag\u00f3n que se comenzar\u00e1, en todo el pa\u00eds, a las 22:00 del pr\u00f3ximo mi\u00e9rcoles 18 de septiembre y terminar\u00e1 a las 06:00 del jueves 19.<\/p>\n\n\n\n<p>Esta medida fue adoptada luego de que el Gobierno no confirmara la existencia de un\u00a0<strong>plan de seguridad para el apag\u00f3n nocturno<\/strong>. <\/p>\n\n\n\n<p>\u00a0No se tom\u00f3 en cuenta que un 65 % de delitos ocurren a partir de las 19:00 y las provincias con mayores\u00a0<strong>\u00edndices de criminalidad nocturna<\/strong>\u00a0son\u00a0<strong>Guayas, El Oro, Manab\u00ed y Los R\u00edos<\/strong>.<\/p>\n","protected":false},"excerpt":{"rendered":"<p>En una rueda de prensa, la ministra del Interior,\u00a0M\u00f3nica Palencia N\u00fa\u00f1ez anunci\u00f3 que habr\u00e1 un toque de queda, a escala nacional, por el apag\u00f3n que se comenzar\u00e1, en todo el pa\u00eds, a las 22:00 del pr\u00f3ximo mi\u00e9rcoles 18 de septiembre y terminar\u00e1 a las 06:00 del jueves 19.<\/p>\n","protected":false},"author":1,"featured_media":27995,"comment_status":"open","ping_status":"open","sticky":false,"template":"","format":"standard","meta":{"footnotes":""},"categories":[16,83],"tags":[23],"class_list":["post-27994","post","type-post","status-publish","format-standard","has-post-thumbnail","hentry","category-cronica","category-sucesos","tag-ecuador"],"_links":{"self":[{"href":"https:\/\/elmercuriomanta.ec\/index.php\/wp-json\/wp\/v2\/posts\/27994","targetHints":{"allow":["GET"]}}],"collection":[{"href":"https:\/\/elmercuriomanta.ec\/index.php\/wp-json\/wp\/v2\/posts"}],"about":[{"href":"https:\/\/elmercuriomanta.ec\/index.php\/wp-json\/wp\/v2\/types\/post"}],"author":[{"embeddable":true,"href":"https:\/\/elmercuriomanta.ec\/index.php\/wp-json\/wp\/v2\/users\/1"}],"replies":[{"embeddable":true,"href":"https:\/\/elmercuriomanta.ec\/index.php\/wp-json\/wp\/v2\/comments?post=27994"}],"version-history":[{"count":1,"href":"https:\/\/elmercuriomanta.ec\/index.php\/wp-json\/wp\/v2\/posts\/27994\/revisions"}],"predecessor-version":[{"id":27996,"href":"https:\/\/elmercuriomanta.ec\/index.php\/wp-json\/wp\/v2\/posts\/27994\/revisions\/27996"}],"wp:featuredmedia":[{"embeddable":true,"href":"https:\/\/elmercuriomanta.ec\/index.php\/wp-json\/wp\/v2\/media\/27995"}],"wp:attachment":[{"href":"https:\/\/elmercuriomanta.ec\/index.php\/wp-json\/wp\/v2\/media?parent=27994"}],"wp:term":[{"taxonomy":"category","embeddable":true,"href":"https:\/\/elmercuriomanta.ec\/index.php\/wp-json\/wp\/v2\/categories?post=27994"},{"taxonomy":"post_tag","embeddable":true,"href":"https:\/\/elmercuriomanta.ec\/index.php\/wp-json\/wp\/v2\/tags?post=27994"}],"curies":[{"name":"wp","href":"https:\/\/api.w.org\/{rel}","templated":true}]}}