{"id":27935,"date":"2024-09-14T10:28:23","date_gmt":"2024-09-14T15:28:23","guid":{"rendered":"https:\/\/elmercuriomanta.ec\/?p=27935"},"modified":"2024-09-14T10:28:25","modified_gmt":"2024-09-14T15:28:25","slug":"clausuran-radares-recaudatorios-en-ecuador","status":"publish","type":"post","link":"https:\/\/elmercuriomanta.ec\/index.php\/2024\/09\/14\/clausuran-radares-recaudatorios-en-ecuador\/","title":{"rendered":"Clausuran Radares Recaudatorios en Ecuador"},"content":{"rendered":"\n<figure class=\"wp-block-image aligncenter size-large is-resized\"><img fetchpriority=\"high\" decoding=\"async\" width=\"1024\" height=\"683\" src=\"https:\/\/elmercuriomanta.ec\/wp-content\/uploads\/2024\/09\/image-179-1024x683.png\" alt=\"\" class=\"wp-image-27937\" style=\"width:486px;height:auto\" srcset=\"https:\/\/elmercuriomanta.ec\/wp-content\/uploads\/2024\/09\/image-179-1024x683.png 1024w, https:\/\/elmercuriomanta.ec\/wp-content\/uploads\/2024\/09\/image-179-300x200.png 300w, https:\/\/elmercuriomanta.ec\/wp-content\/uploads\/2024\/09\/image-179-768x512.png 768w, https:\/\/elmercuriomanta.ec\/wp-content\/uploads\/2024\/09\/image-179-1536x1024.png 1536w, https:\/\/elmercuriomanta.ec\/wp-content\/uploads\/2024\/09\/image-179-2048x1365.png 2048w\" sizes=\"(max-width: 1024px) 100vw, 1024px\" \/><\/figure>\n\n\n\n<p>\u201cLos radares est\u00e1n para cuidarte, no para multarte\u201d, dijo Roberto Luque, ministro de Transporte y Obras P\u00fablicas. Lo dijo este viernes, 13 de septiembre de 2024, durante la clausura de un radar de velocidad en la v\u00eda Machala-Pasaje, a la altura de la parroquia La Pelea. Este peaje se mantendr\u00e1 encendido, pero con car\u00e1cter de preventivo. \u201cCon este cartel clausuramos los radares que no cumplen con criterios t\u00e9cnicos o legales para ser instalados y cuyo principal objetivo es recaudar recursos. \u00daltimamente la proliferaci\u00f3n de radares en territorio ecuatoriano ha distorsionado lo que en principio es un objetivo loable: la seguridad vial, en un gran negocio teniendo como principal objetivo la recaudaci\u00f3n de fondos.<\/p>\n\n\n\n<p>\u00a1Hoy esta injusticia cambia!\u201d, se\u00f1al\u00f3 el titular de la cartera de Estado. Tambi\u00e9n se\u00f1al\u00f3 que los radares est\u00e1n mal instalados, es decir, en lugares como curvas o pendientes; mal calibrados; multas que llegan despu\u00e9s de seis meses; y dem\u00e1s. El ministro Luque adem\u00e1s dijo que los recursos recaudados de los radares no son reinvertidos en seguridad vial. \u201cComo Gobierno buscamos mejorar la situaci\u00f3n de miles de conductores, transportistas y trabajadores que han sido injustamente multados y que dependen de las v\u00edas para ser el sustento de su hogar\u201d. Los operativos de control de la Comisi\u00f3n de Tr\u00e1nsito del Ecuador ser\u00e1n informativos, es decir, se advertir\u00e1 sobre los peligros de conducir a exceso de velocidad, l\u00edmites y dem\u00e1s.<\/p>\n","protected":false},"excerpt":{"rendered":"<p>\u201cLos radares est\u00e1n para cuidarte, no para multarte\u201d, dijo Roberto Luque, ministro de Transporte y Obras P\u00fablicas. Lo dijo este viernes, 13 de septiembre de 2024, durante la clausura de un radar de velocidad en la v\u00eda Machala-Pasaje, a la altura de la parroquia La Pelea. Este peaje se mantendr\u00e1 encendido, pero con car\u00e1cter de preventivo. \u201cCon este cartel clausuramos los radares que no cumplen con criterios t\u00e9cnicos o legales para ser instalados y cuyo principal objetivo es recaudar recursos. \u00daltimamente la proliferaci\u00f3n de radares en territorio ecuatoriano ha distorsionado lo que en principio es un objetivo loable: la seguridad vial, en un gran negocio teniendo como principal objetivo la recaudaci\u00f3n de fondos.<\/p>\n<p>\u00a1Hoy esta injusticia cambia!\u201d, se\u00f1al\u00f3 el titular de la cartera de Estado. Tambi\u00e9n se\u00f1al\u00f3 que los radares est\u00e1n mal instalados, es decir, en lugares como curvas o pendientes; mal calibrados; multas que llegan despu\u00e9s de seis meses; y dem\u00e1s. El ministro Luque adem\u00e1s dijo que los recursos recaudados de los radares no son reinvertidos en seguridad vial. \u201cComo Gobierno buscamos mejorar la situaci\u00f3n de miles de conductores, transportistas y trabajadores que han sido injustamente multados y que dependen de las v\u00edas para ser el sustento de su hogar\u201d. Los operativos de control de la Comisi\u00f3n de Tr\u00e1nsito del Ecuador ser\u00e1n informativos, es decir, se advertir\u00e1 sobre los peligros de conducir a exceso de velocidad, l\u00edmites y dem\u00e1s.<\/p>\n","protected":false},"author":1,"featured_media":27936,"comment_status":"open","ping_status":"open","sticky":false,"template":"","format":"standard","meta":{"footnotes":""},"categories":[83],"tags":[],"class_list":["post-27935","post","type-post","status-publish","format-standard","has-post-thumbnail","hentry","category-sucesos"],"_links":{"self":[{"href":"https:\/\/elmercuriomanta.ec\/index.php\/wp-json\/wp\/v2\/posts\/27935","targetHints":{"allow":["GET"]}}],"collection":[{"href":"https:\/\/elmercuriomanta.ec\/index.php\/wp-json\/wp\/v2\/posts"}],"about":[{"href":"https:\/\/elmercuriomanta.ec\/index.php\/wp-json\/wp\/v2\/types\/post"}],"author":[{"embeddable":true,"href":"https:\/\/elmercuriomanta.ec\/index.php\/wp-json\/wp\/v2\/users\/1"}],"replies":[{"embeddable":true,"href":"https:\/\/elmercuriomanta.ec\/index.php\/wp-json\/wp\/v2\/comments?post=27935"}],"version-history":[{"count":1,"href":"https:\/\/elmercuriomanta.ec\/index.php\/wp-json\/wp\/v2\/posts\/27935\/revisions"}],"predecessor-version":[{"id":27938,"href":"https:\/\/elmercuriomanta.ec\/index.php\/wp-json\/wp\/v2\/posts\/27935\/revisions\/27938"}],"wp:featuredmedia":[{"embeddable":true,"href":"https:\/\/elmercuriomanta.ec\/index.php\/wp-json\/wp\/v2\/media\/27936"}],"wp:attachment":[{"href":"https:\/\/elmercuriomanta.ec\/index.php\/wp-json\/wp\/v2\/media?parent=27935"}],"wp:term":[{"taxonomy":"category","embeddable":true,"href":"https:\/\/elmercuriomanta.ec\/index.php\/wp-json\/wp\/v2\/categories?post=27935"},{"taxonomy":"post_tag","embeddable":true,"href":"https:\/\/elmercuriomanta.ec\/index.php\/wp-json\/wp\/v2\/tags?post=27935"}],"curies":[{"name":"wp","href":"https:\/\/api.w.org\/{rel}","templated":true}]}}