{"id":27863,"date":"2024-09-13T14:35:43","date_gmt":"2024-09-13T19:35:43","guid":{"rendered":"https:\/\/elmercuriomanta.ec\/?p=27863"},"modified":"2024-09-13T14:35:46","modified_gmt":"2024-09-13T19:35:46","slug":"los-racionamientos-de-agua-potable-se-extienden-en-seis-provincias-del-ecuador","status":"publish","type":"post","link":"https:\/\/elmercuriomanta.ec\/index.php\/2024\/09\/13\/los-racionamientos-de-agua-potable-se-extienden-en-seis-provincias-del-ecuador\/","title":{"rendered":"Los racionamientos de agua potable se extienden en seis provincias del Ecuador"},"content":{"rendered":"\n<figure class=\"wp-block-image aligncenter size-large is-resized\"><img fetchpriority=\"high\" decoding=\"async\" width=\"1024\" height=\"576\" src=\"https:\/\/elmercuriomanta.ec\/wp-content\/uploads\/2024\/09\/image-163-1024x576.png\" alt=\"\" class=\"wp-image-27864\" style=\"width:431px;height:auto\" srcset=\"https:\/\/elmercuriomanta.ec\/wp-content\/uploads\/2024\/09\/image-163-1024x576.png 1024w, https:\/\/elmercuriomanta.ec\/wp-content\/uploads\/2024\/09\/image-163-300x169.png 300w, https:\/\/elmercuriomanta.ec\/wp-content\/uploads\/2024\/09\/image-163-768x432.png 768w, https:\/\/elmercuriomanta.ec\/wp-content\/uploads\/2024\/09\/image-163.png 1200w\" sizes=\"(max-width: 1024px) 100vw, 1024px\" \/><\/figure>\n\n\n\n<p>La sequ\u00eda se agrava y los racionamientos de agua potable se extienden a seis provincias. En la regi\u00f3n interandina, la sequ\u00eda redujo los caudales de los afluentes de agua en Carchi, Imbabura, Pichincha, Cotopaxi, Azuay y Loja.&nbsp;<\/p>\n\n\n\n<p>Las altas temperaturas y la sequ\u00eda, en Quito, llevan 32 d\u00edas y el consumo de agua se increment\u00f3 por el intenso verano. La reserva del tanque en San Juan de Calder\u00f3n, que abastece a doce sectores del norte de la capital, se redujo y desde este mi\u00e9rcoles 12 de septiembre empezaron los cortes.&nbsp;<\/p>\n\n\n\n<p>La Empresa Metropolitana de Agua Potable y Saneamiento (Epmaps) envi\u00f3 tanqueros para abastecer el servicio a los habitantes de 12 sectores: Zabala, La Tola, Luz y Vida, Collas, Bellavista, Sol naciente, Colinas del Valle, 24 de Junio, Bellavista, Calder\u00f3n, Mitad del Mundo. En el cant\u00f3n Pujil\u00ed, Cotopaxi, empezaron los cortes por la ca\u00edda de los niveles en los r\u00edos que alimentan las plantas de tratamiento de Cuturiv\u00ed y Yacubamba, que abastecen el 70% de agua para 28 000 habitantes.<\/p>\n\n\n\n<p>&nbsp;Los r\u00edos Tiot\u00e1n y Palangan\u00e1 se han secado por el estiaje que empez\u00f3 en el centro del pa\u00eds desde mayo pasado. En barrios de este cant\u00f3n, el racionamiento es de hasta 20 horas al d\u00eda. en esos sectores la demanda fue abastecida con tanqueros. El cant\u00f3n Bol\u00edvar, provincia de Carchi, la suspensi\u00f3n parcial del servicio de agua potable, que afecta a 1 400 familias, va de 21:00 hasta las 05:00.&nbsp;<\/p>\n\n\n\n<p>Los racionamientos se dan porque cay\u00f3 el caudal de la vertiente principal de cinco litros por segundo a 0. Igual en el cant\u00f3n Mira (Carchi), 6 000 familias de la cabecera sufren cortes de agua de 22:00 a 05:00. En esta semana, los racionamientos tambi\u00e9n empezaron en las zonas altas de Cuenca, Imbabura y Loja, con cortes de cinco y siete horas en la madrugada.<\/p>\n","protected":false},"excerpt":{"rendered":"<p>La sequ\u00eda se agrava y los racionamientos de agua potable se extienden a seis provincias. En la regi\u00f3n interandina, la sequ\u00eda redujo los caudales de los afluentes de agua en Carchi, Imbabura, Pichincha, Cotopaxi, Azuay y Loja.\u00a0<\/p>\n","protected":false},"author":1,"featured_media":27864,"comment_status":"open","ping_status":"open","sticky":false,"template":"","format":"standard","meta":{"footnotes":""},"categories":[20,83],"tags":[23],"class_list":["post-27863","post","type-post","status-publish","format-standard","has-post-thumbnail","hentry","category-portada-2","category-sucesos","tag-ecuador"],"_links":{"self":[{"href":"https:\/\/elmercuriomanta.ec\/index.php\/wp-json\/wp\/v2\/posts\/27863","targetHints":{"allow":["GET"]}}],"collection":[{"href":"https:\/\/elmercuriomanta.ec\/index.php\/wp-json\/wp\/v2\/posts"}],"about":[{"href":"https:\/\/elmercuriomanta.ec\/index.php\/wp-json\/wp\/v2\/types\/post"}],"author":[{"embeddable":true,"href":"https:\/\/elmercuriomanta.ec\/index.php\/wp-json\/wp\/v2\/users\/1"}],"replies":[{"embeddable":true,"href":"https:\/\/elmercuriomanta.ec\/index.php\/wp-json\/wp\/v2\/comments?post=27863"}],"version-history":[{"count":1,"href":"https:\/\/elmercuriomanta.ec\/index.php\/wp-json\/wp\/v2\/posts\/27863\/revisions"}],"predecessor-version":[{"id":27865,"href":"https:\/\/elmercuriomanta.ec\/index.php\/wp-json\/wp\/v2\/posts\/27863\/revisions\/27865"}],"wp:featuredmedia":[{"embeddable":true,"href":"https:\/\/elmercuriomanta.ec\/index.php\/wp-json\/wp\/v2\/media\/27864"}],"wp:attachment":[{"href":"https:\/\/elmercuriomanta.ec\/index.php\/wp-json\/wp\/v2\/media?parent=27863"}],"wp:term":[{"taxonomy":"category","embeddable":true,"href":"https:\/\/elmercuriomanta.ec\/index.php\/wp-json\/wp\/v2\/categories?post=27863"},{"taxonomy":"post_tag","embeddable":true,"href":"https:\/\/elmercuriomanta.ec\/index.php\/wp-json\/wp\/v2\/tags?post=27863"}],"curies":[{"name":"wp","href":"https:\/\/api.w.org\/{rel}","templated":true}]}}