{"id":27843,"date":"2024-09-13T11:30:53","date_gmt":"2024-09-13T16:30:53","guid":{"rendered":"https:\/\/elmercuriomanta.ec\/?p=27843"},"modified":"2024-09-13T11:30:57","modified_gmt":"2024-09-13T16:30:57","slug":"el-inec-pide-ayuda-a-las-naciones-unidas-para-revisar-los-datos-de-muertes-violentas-y-homicidios-entre-2008-y-2023","status":"publish","type":"post","link":"https:\/\/elmercuriomanta.ec\/index.php\/2024\/09\/13\/el-inec-pide-ayuda-a-las-naciones-unidas-para-revisar-los-datos-de-muertes-violentas-y-homicidios-entre-2008-y-2023\/","title":{"rendered":"El INEC pide ayuda a las Naciones Unidas para revisar los datos de muertes violentas y homicidios entre 2008 y 2023"},"content":{"rendered":"\n<figure class=\"wp-block-image aligncenter size-large is-resized\"><img fetchpriority=\"high\" decoding=\"async\" width=\"1024\" height=\"512\" src=\"https:\/\/elmercuriomanta.ec\/wp-content\/uploads\/2024\/09\/image-156-1024x512.png\" alt=\"\" class=\"wp-image-27844\" style=\"width:379px;height:auto\" srcset=\"https:\/\/elmercuriomanta.ec\/wp-content\/uploads\/2024\/09\/image-156-1024x512.png 1024w, https:\/\/elmercuriomanta.ec\/wp-content\/uploads\/2024\/09\/image-156-300x150.png 300w, https:\/\/elmercuriomanta.ec\/wp-content\/uploads\/2024\/09\/image-156-768x384.png 768w, https:\/\/elmercuriomanta.ec\/wp-content\/uploads\/2024\/09\/image-156.png 1199w\" sizes=\"(max-width: 1024px) 100vw, 1024px\" \/><\/figure>\n\n\n\n<p>Las cifras de homicidios y muertes violentas no determinadas en Ecuador se revisar\u00e1n con ayuda de la Oficina de las Naciones Unidas contra la Droga y el Delito (UNODC). La asistencia fue solicitada por el Instituto Nacional de Estad\u00edstica y Censos (INEC), luego de que el presidente Daniel Noboa le diera esta tarea ante la posibilidad de que Gobiernos anteriores maquillaran estas cifras.<\/p>\n\n\n\n<p>\u201cPara asegurar que este proceso se realice de manera t\u00e9cnica, objetiva y transparente, el INEC ha solicitado el acompa\u00f1amiento t\u00e9cnico y metodol\u00f3gico de la UNODC, una agencia especializada en la materia, para garantizar la rigurosidad en la revisi\u00f3n de las cifras\u201d, se\u00f1al\u00f3 el INEC en un comunicado.<\/p>\n\n\n\n<p>El periodo que Noboa dispuso revisar va desde 2008 a 2023, periodo que abarca los gobiernos de Rafael Correa (2007-2017), Len\u00edn Moreno (2017-2021) y Guillermo Lasso (2021-2023). La instituci\u00f3n tambi\u00e9n reiter\u00f3 su invitaci\u00f3n a la comunidad acad\u00e9mica a participar en el proceso, con el fin de aportar con sus an\u00e1lisis y observaciones. El pasado lunes ya se produjo una reuni\u00f3n entre todas las instituciones del Estado encargadas de reportar homicidios, muertes violentas no determinadas, tasas de tr\u00e1fico de menores y desaparici\u00f3n de personas.<\/p>\n\n\n\n<p>ECUADOR ES EL PRIMER PA\u00cdS LATINOAMERICANO EN HOMICIDIOS PER CAPITA Noboa dispuso la revisi\u00f3n de cifras tras la publicaci\u00f3n en medios de comunicaci\u00f3n de un estudio del investigador de la Universidad de Chicago, Estados Unidos, Arduino Tomasi. Este apunta a un presunto encubrimiento estad\u00edstico de m\u00e1s de 7 700 homicidios durante el mandato presidencial de Correa, bajo la figura de \u201cmuertes indeterminadas\u201d.<\/p>\n\n\n\n<p>Ecuador se volvi\u00f3 el primer pa\u00eds de Latinoam\u00e9rica en homicidios per c\u00e1pita, con una tasa de 47,2 por cada 100 000 habitantes en 2023, ocho veces mayor respecto a 2016, lo que se atribuye al auge de la violencia de los grupos criminales, principalmente dedicados al narcotr\u00e1fico, aunque tambi\u00e9n est\u00e1n incursionando en la miner\u00eda ilegal.<\/p>\n\n\n\n<p><br><\/p>\n\n\n\n<p><\/p>\n","protected":false},"excerpt":{"rendered":"<p>Las cifras de homicidios y muertes violentas no determinadas en Ecuador se revisar\u00e1n con ayuda de la Oficina de las Naciones Unidas contra la Droga y el Delito (UNODC). La asistencia fue solicitada por el Instituto Nacional de Estad\u00edstica y Censos (INEC), luego de que el presidente Daniel Noboa le diera esta tarea ante la posibilidad de que Gobiernos anteriores maquillaran estas cifras.<\/p>\n","protected":false},"author":1,"featured_media":27844,"comment_status":"open","ping_status":"open","sticky":false,"template":"","format":"standard","meta":{"footnotes":""},"categories":[20,83],"tags":[23],"class_list":["post-27843","post","type-post","status-publish","format-standard","has-post-thumbnail","hentry","category-portada-2","category-sucesos","tag-ecuador"],"_links":{"self":[{"href":"https:\/\/elmercuriomanta.ec\/index.php\/wp-json\/wp\/v2\/posts\/27843","targetHints":{"allow":["GET"]}}],"collection":[{"href":"https:\/\/elmercuriomanta.ec\/index.php\/wp-json\/wp\/v2\/posts"}],"about":[{"href":"https:\/\/elmercuriomanta.ec\/index.php\/wp-json\/wp\/v2\/types\/post"}],"author":[{"embeddable":true,"href":"https:\/\/elmercuriomanta.ec\/index.php\/wp-json\/wp\/v2\/users\/1"}],"replies":[{"embeddable":true,"href":"https:\/\/elmercuriomanta.ec\/index.php\/wp-json\/wp\/v2\/comments?post=27843"}],"version-history":[{"count":1,"href":"https:\/\/elmercuriomanta.ec\/index.php\/wp-json\/wp\/v2\/posts\/27843\/revisions"}],"predecessor-version":[{"id":27845,"href":"https:\/\/elmercuriomanta.ec\/index.php\/wp-json\/wp\/v2\/posts\/27843\/revisions\/27845"}],"wp:featuredmedia":[{"embeddable":true,"href":"https:\/\/elmercuriomanta.ec\/index.php\/wp-json\/wp\/v2\/media\/27844"}],"wp:attachment":[{"href":"https:\/\/elmercuriomanta.ec\/index.php\/wp-json\/wp\/v2\/media?parent=27843"}],"wp:term":[{"taxonomy":"category","embeddable":true,"href":"https:\/\/elmercuriomanta.ec\/index.php\/wp-json\/wp\/v2\/categories?post=27843"},{"taxonomy":"post_tag","embeddable":true,"href":"https:\/\/elmercuriomanta.ec\/index.php\/wp-json\/wp\/v2\/tags?post=27843"}],"curies":[{"name":"wp","href":"https:\/\/api.w.org\/{rel}","templated":true}]}}