{"id":27757,"date":"2024-09-11T14:17:41","date_gmt":"2024-09-11T19:17:41","guid":{"rendered":"https:\/\/elmercuriomanta.ec\/?p=27757"},"modified":"2024-09-11T14:20:01","modified_gmt":"2024-09-11T19:20:01","slug":"homenaje-a-madre-teresa-de-calcuta","status":"publish","type":"post","link":"https:\/\/elmercuriomanta.ec\/index.php\/2024\/09\/11\/homenaje-a-madre-teresa-de-calcuta\/","title":{"rendered":"Homenaje a madre Teresa de Calcuta\u00a0"},"content":{"rendered":"\n<figure class=\"wp-block-image aligncenter size-full is-resized\"><img fetchpriority=\"high\" decoding=\"async\" width=\"853\" height=\"1006\" src=\"https:\/\/elmercuriomanta.ec\/wp-content\/uploads\/2024\/09\/WhatsApp-Image-2024-09-11-at-14.15.18.jpeg\" alt=\"\" class=\"wp-image-27758\" style=\"width:235px;height:auto\" srcset=\"https:\/\/elmercuriomanta.ec\/wp-content\/uploads\/2024\/09\/WhatsApp-Image-2024-09-11-at-14.15.18.jpeg 853w, https:\/\/elmercuriomanta.ec\/wp-content\/uploads\/2024\/09\/WhatsApp-Image-2024-09-11-at-14.15.18-254x300.jpeg 254w, https:\/\/elmercuriomanta.ec\/wp-content\/uploads\/2024\/09\/WhatsApp-Image-2024-09-11-at-14.15.18-768x906.jpeg 768w\" sizes=\"(max-width: 853px) 100vw, 853px\" \/><\/figure>\n\n\n\n<p>Con una misa de Acci\u00f3n de Gracias, en las nuevas instalaciones de la Unidad Educativa Teresa de Calcuta, se rindi\u00f3 un homenaje a la patrona con la presencia de padres de familia, docentes, estudiantes e invitados. Vale recordar que cada 5 de septiembre se celebra la fiesta de Santa Teresa de Calcuta, figura central del siglo XX -lleg\u00f3 a ser galardonada con el Premio Nobel de la Paz, y ejemplo preclaro de liderazgo femenino desde la Iglesia.&nbsp;<\/p>\n\n\n\n<p>Ella, impregnada de los valores del Evangelio, se convirti\u00f3 en servidora de \u201clos m\u00e1s pobres entre los pobres\u201d, haciendo frente de manera efectiva a la indiferencia y el abandono que sufren los m\u00e1s d\u00e9biles en el mundo moderno.&nbsp;<\/p>\n\n\n\n<p>La Madre Teresa fue una inagotable defensora de la dignidad del pobre y de la vida humana desde la concepci\u00f3n hasta la muerte natural, as\u00ed como una trabajadora incansable por la paz entre los pueblos. Su mayor ambici\u00f3n no fue, ni remotamente, alcanzar premios o reconocimientos, sino compartir el amor de Cristo a trav\u00e9s de la caridad y el sacrificio por los que sufren, manifest\u00f3 la Rectora, Nelly Holgu\u00edn Briones.<\/p>\n","protected":false},"excerpt":{"rendered":"<p>Con una misa de Acci\u00f3n de Gracias, en las nuevas instalaciones de la Unidad Educativa Teresa de Calcuta, se rindi\u00f3 un homenaje a la patrona con la presencia de padres de familia, docentes, estudiantes e invitados. Vale recordar que cada 5 de septiembre se celebra la fiesta de Santa Teresa de Calcuta, figura central del siglo XX -lleg\u00f3 a ser galardonada con el Premio Nobel de la Paz, y ejemplo preclaro de liderazgo femenino desde la Iglesia.\u00a0<\/p>\n","protected":false},"author":1,"featured_media":27758,"comment_status":"open","ping_status":"open","sticky":false,"template":"","format":"standard","meta":{"footnotes":""},"categories":[20],"tags":[38],"class_list":["post-27757","post","type-post","status-publish","format-standard","has-post-thumbnail","hentry","category-portada-2","tag-manta"],"_links":{"self":[{"href":"https:\/\/elmercuriomanta.ec\/index.php\/wp-json\/wp\/v2\/posts\/27757","targetHints":{"allow":["GET"]}}],"collection":[{"href":"https:\/\/elmercuriomanta.ec\/index.php\/wp-json\/wp\/v2\/posts"}],"about":[{"href":"https:\/\/elmercuriomanta.ec\/index.php\/wp-json\/wp\/v2\/types\/post"}],"author":[{"embeddable":true,"href":"https:\/\/elmercuriomanta.ec\/index.php\/wp-json\/wp\/v2\/users\/1"}],"replies":[{"embeddable":true,"href":"https:\/\/elmercuriomanta.ec\/index.php\/wp-json\/wp\/v2\/comments?post=27757"}],"version-history":[{"count":2,"href":"https:\/\/elmercuriomanta.ec\/index.php\/wp-json\/wp\/v2\/posts\/27757\/revisions"}],"predecessor-version":[{"id":27760,"href":"https:\/\/elmercuriomanta.ec\/index.php\/wp-json\/wp\/v2\/posts\/27757\/revisions\/27760"}],"wp:featuredmedia":[{"embeddable":true,"href":"https:\/\/elmercuriomanta.ec\/index.php\/wp-json\/wp\/v2\/media\/27758"}],"wp:attachment":[{"href":"https:\/\/elmercuriomanta.ec\/index.php\/wp-json\/wp\/v2\/media?parent=27757"}],"wp:term":[{"taxonomy":"category","embeddable":true,"href":"https:\/\/elmercuriomanta.ec\/index.php\/wp-json\/wp\/v2\/categories?post=27757"},{"taxonomy":"post_tag","embeddable":true,"href":"https:\/\/elmercuriomanta.ec\/index.php\/wp-json\/wp\/v2\/tags?post=27757"}],"curies":[{"name":"wp","href":"https:\/\/api.w.org\/{rel}","templated":true}]}}