{"id":27733,"date":"2024-09-11T09:58:48","date_gmt":"2024-09-11T14:58:48","guid":{"rendered":"https:\/\/elmercuriomanta.ec\/?p=27733"},"modified":"2024-09-11T10:04:43","modified_gmt":"2024-09-11T15:04:43","slug":"ministerio-de-ambiente-promueve-el-uso-sostenible-junto-con-la-academia","status":"publish","type":"post","link":"https:\/\/elmercuriomanta.ec\/index.php\/2024\/09\/11\/ministerio-de-ambiente-promueve-el-uso-sostenible-junto-con-la-academia\/","title":{"rendered":"Ministerio de ambiente promueve el uso sostenible junto con la academia"},"content":{"rendered":"\n<div class=\"wp-block-columns is-layout-flex wp-container-core-columns-is-layout-28f84493 wp-block-columns-is-layout-flex\">\n<div class=\"wp-block-column is-layout-flow wp-block-column-is-layout-flow\">\n<figure class=\"wp-block-image size-large is-resized\"><img fetchpriority=\"high\" decoding=\"async\" width=\"871\" height=\"1024\" src=\"https:\/\/elmercuriomanta.ec\/wp-content\/uploads\/2024\/09\/WhatsApp-Image-2024-09-11-at-09.56.43-1-871x1024.jpeg\" alt=\"\" class=\"wp-image-27734\" style=\"width:252px;height:auto\" srcset=\"https:\/\/elmercuriomanta.ec\/wp-content\/uploads\/2024\/09\/WhatsApp-Image-2024-09-11-at-09.56.43-1-871x1024.jpeg 871w, https:\/\/elmercuriomanta.ec\/wp-content\/uploads\/2024\/09\/WhatsApp-Image-2024-09-11-at-09.56.43-1-255x300.jpeg 255w, https:\/\/elmercuriomanta.ec\/wp-content\/uploads\/2024\/09\/WhatsApp-Image-2024-09-11-at-09.56.43-1-768x903.jpeg 768w, https:\/\/elmercuriomanta.ec\/wp-content\/uploads\/2024\/09\/WhatsApp-Image-2024-09-11-at-09.56.43-1.jpeg 918w\" sizes=\"(max-width: 871px) 100vw, 871px\" \/><\/figure>\n<\/div>\n\n\n\n<div class=\"wp-block-column is-layout-flow wp-block-column-is-layout-flow\">\n<figure class=\"wp-block-image size-large is-resized\"><img decoding=\"async\" width=\"891\" height=\"1024\" src=\"https:\/\/elmercuriomanta.ec\/wp-content\/uploads\/2024\/09\/WhatsApp-Image-2024-09-11-at-09.56.43-891x1024.jpeg\" alt=\"\" class=\"wp-image-27735\" style=\"width:256px;height:auto\" srcset=\"https:\/\/elmercuriomanta.ec\/wp-content\/uploads\/2024\/09\/WhatsApp-Image-2024-09-11-at-09.56.43-891x1024.jpeg 891w, https:\/\/elmercuriomanta.ec\/wp-content\/uploads\/2024\/09\/WhatsApp-Image-2024-09-11-at-09.56.43-261x300.jpeg 261w, https:\/\/elmercuriomanta.ec\/wp-content\/uploads\/2024\/09\/WhatsApp-Image-2024-09-11-at-09.56.43-768x883.jpeg 768w, https:\/\/elmercuriomanta.ec\/wp-content\/uploads\/2024\/09\/WhatsApp-Image-2024-09-11-at-09.56.43.jpeg 942w\" sizes=\"(max-width: 891px) 100vw, 891px\" \/><\/figure>\n<\/div>\n<\/div>\n\n\n\n<p>La Direcci\u00f3n Zonal 4 del Ministerio del Ambiente, Agua y Transici\u00f3n Ecol\u00f3gica suscribi\u00f3 un Convenio Marco de Cooperaci\u00f3n Acad\u00e9mico con la Universidad San Gregorio de Portoviejo, con el objetivo de promover la vinculaci\u00f3n de los estudiantes de la comunidad universitaria a los programas y proyectos sostenibles.&nbsp;<\/p>\n\n\n\n<p>Miguel \u00c1ngel Pe\u00f1a, director Zonal explic\u00f3 \u201cEsta alianza permitir\u00e1 el intercambio de experiencias acad\u00e9micas y de campo que fortalecer\u00e1 la implementaci\u00f3n de proyectos, programas y actividades de investigaci\u00f3n en temas ambientales para promover el desarrollo sostenible de la provincia; tendr\u00e1 una duraci\u00f3n de cinco a\u00f1os y puede ser renovado\u201d.&nbsp;<\/p>\n\n\n\n<p>Por su parte Jaime Alarc\u00f3n, rector de la Universidad San Gregorio de Portoviejo detall\u00f3 \u201cAgradecemos al Ministerio del Ambiente, porque trabajaremos de manera articulada en acciones ecol\u00f3gicas y de manera amigable con la naturaleza, aspiramos que con su apoyo podamos ser un referente ambiental\u201d.&nbsp;<\/p>\n\n\n\n<p>Finalmente, esta cartera de Estado, apoyar\u00e1 la promoci\u00f3n de actividades cient\u00edficas que contribuyan al mejoramiento y sostenibilidad de los recursos naturales de nuestra provincia, por lo tanto, compromete su contingente t\u00e9cnico con el esfuerzo acad\u00e9mico y de investigaci\u00f3n que permita fortalecer una saludable y necesaria relaci\u00f3n interinstitucional en beneficio del desarrollo del Ecuador.&nbsp;<\/p>\n\n\n\n<p>En Manab\u00ed se han suscrito cinco convenios para sostenibilidad ambiental y gesti\u00f3n integral de los recursos h\u00eddricos con: La Universidad Laica Eloy Alfaro de Manab\u00ed, Universidad Estatal del Sur de Manab\u00ed, Universidad T\u00e9cnica de Manab\u00ed, la Escuela Superior Polit\u00e9cnica Agropecuaria de Manab\u00ed y recientemente la Universidad San Gregorio de Portoviejo.&nbsp;<\/p>\n\n\n\n<p><\/p>\n","protected":false},"excerpt":{"rendered":"<p>La Direcci\u00f3n Zonal 4 del Ministerio del Ambiente, Agua y Transici\u00f3n Ecol\u00f3gica suscribi\u00f3 un Convenio Marco de Cooperaci\u00f3n Acad\u00e9mico con la Universidad San Gregorio de Portoviejo, con el objetivo de promover la vinculaci\u00f3n de los estudiantes de la comunidad universitaria a los programas y proyectos sostenibles.\u00a0<\/p>\n","protected":false},"author":1,"featured_media":27734,"comment_status":"open","ping_status":"open","sticky":false,"template":"","format":"standard","meta":{"footnotes":""},"categories":[20,83],"tags":[23],"class_list":["post-27733","post","type-post","status-publish","format-standard","has-post-thumbnail","hentry","category-portada-2","category-sucesos","tag-ecuador"],"_links":{"self":[{"href":"https:\/\/elmercuriomanta.ec\/index.php\/wp-json\/wp\/v2\/posts\/27733","targetHints":{"allow":["GET"]}}],"collection":[{"href":"https:\/\/elmercuriomanta.ec\/index.php\/wp-json\/wp\/v2\/posts"}],"about":[{"href":"https:\/\/elmercuriomanta.ec\/index.php\/wp-json\/wp\/v2\/types\/post"}],"author":[{"embeddable":true,"href":"https:\/\/elmercuriomanta.ec\/index.php\/wp-json\/wp\/v2\/users\/1"}],"replies":[{"embeddable":true,"href":"https:\/\/elmercuriomanta.ec\/index.php\/wp-json\/wp\/v2\/comments?post=27733"}],"version-history":[{"count":2,"href":"https:\/\/elmercuriomanta.ec\/index.php\/wp-json\/wp\/v2\/posts\/27733\/revisions"}],"predecessor-version":[{"id":27738,"href":"https:\/\/elmercuriomanta.ec\/index.php\/wp-json\/wp\/v2\/posts\/27733\/revisions\/27738"}],"wp:featuredmedia":[{"embeddable":true,"href":"https:\/\/elmercuriomanta.ec\/index.php\/wp-json\/wp\/v2\/media\/27734"}],"wp:attachment":[{"href":"https:\/\/elmercuriomanta.ec\/index.php\/wp-json\/wp\/v2\/media?parent=27733"}],"wp:term":[{"taxonomy":"category","embeddable":true,"href":"https:\/\/elmercuriomanta.ec\/index.php\/wp-json\/wp\/v2\/categories?post=27733"},{"taxonomy":"post_tag","embeddable":true,"href":"https:\/\/elmercuriomanta.ec\/index.php\/wp-json\/wp\/v2\/tags?post=27733"}],"curies":[{"name":"wp","href":"https:\/\/api.w.org\/{rel}","templated":true}]}}