{"id":27705,"date":"2024-09-10T16:53:03","date_gmt":"2024-09-10T21:53:03","guid":{"rendered":"https:\/\/elmercuriomanta.ec\/?p=27705"},"modified":"2024-09-10T16:53:06","modified_gmt":"2024-09-10T21:53:06","slug":"generadores-de-electricidad-privados-aportaran-con-energia-adicional-en-periodos-de-deficit","status":"publish","type":"post","link":"https:\/\/elmercuriomanta.ec\/index.php\/2024\/09\/10\/generadores-de-electricidad-privados-aportaran-con-energia-adicional-en-periodos-de-deficit\/","title":{"rendered":"Generadores de electricidad privados aportar\u00e1n con energ\u00eda adicional en periodos de d\u00e9ficit"},"content":{"rendered":"\n<figure class=\"wp-block-image aligncenter size-large is-resized\"><img fetchpriority=\"high\" decoding=\"async\" width=\"1024\" height=\"683\" src=\"https:\/\/elmercuriomanta.ec\/wp-content\/uploads\/2024\/09\/image-134-1024x683.png\" alt=\"\" class=\"wp-image-27706\" style=\"width:270px;height:auto\" srcset=\"https:\/\/elmercuriomanta.ec\/wp-content\/uploads\/2024\/09\/image-134-1024x683.png 1024w, https:\/\/elmercuriomanta.ec\/wp-content\/uploads\/2024\/09\/image-134-300x200.png 300w, https:\/\/elmercuriomanta.ec\/wp-content\/uploads\/2024\/09\/image-134-768x512.png 768w, https:\/\/elmercuriomanta.ec\/wp-content\/uploads\/2024\/09\/image-134-1536x1024.png 1536w, https:\/\/elmercuriomanta.ec\/wp-content\/uploads\/2024\/09\/image-134.png 2048w\" sizes=\"(max-width: 1024px) 100vw, 1024px\" \/><\/figure>\n\n\n\n<p><strong>La determinaci\u00f3n de las condiciones t\u00e9cnicas y comerciales para los propietarios de generadores el\u00e9ctricos privados con una potencia m\u00ednima de 100 kW (kilovatios), que participen en el autoabastecimiento de energ\u00eda el\u00e9ctrica en condiciones de d\u00e9ficit de generaci\u00f3n o racionamientos<\/strong>, es el objetivo principal de la Regulaci\u00f3n Nro. 003\/24, la cual fue presentada de manera oficial por el Viceministro de Electricidad y Energ\u00eda Renovable, Rafael Quintero, durante un conversatorio con medios de comunicaci\u00f3n, desarrollado, este 10 de septiembre.<\/p>\n\n\n\n<p>El documento normativo, que se aprob\u00f3 el pasado 8 de septiembre de 2024, bajo Resoluci\u00f3n Nro. 006\/24, de la Agencia de Regulaci\u00f3n y Control de Electricidad -ARCONEL-,&nbsp;<strong>dispone a las empresas distribuidoras, a escala nacional, realizar el registro y calificaci\u00f3n de los generadores de emergencia privados, para establecer un c\u00e1lculo mensual que cuantifique la cantidad de energ\u00eda que produjo dicho generador<\/strong>, mientras permaneci\u00f3 en funcionamiento, con el fin de aplicar los incentivos correspondientes, los cuales se implementar\u00e1n a trav\u00e9s de compensaciones en la facturaci\u00f3n de energ\u00eda.<\/p>\n\n\n\n<p><strong>\u201cEn pocos meses hemos trabajado para destrabar procesos implementados por administraciones pasadas. Nos hemos enfocado en agilizar los procedimientos. Esta Regulaci\u00f3n se suma a las contrataciones de energ\u00eda adicional que ya est\u00e1n en marcha, que tienen como finalidad afrontar el estiaje y potenciar nuestro sistema. A trav\u00e9s de esta normativa prevemos un aporte de no menos de 100 MW por parte de generadores privados\u201d,<\/strong>&nbsp;puntualiz\u00f3 el viceministro Quintero.<\/p>\n\n\n\n<p>La empresa el\u00e9ctrica de cada zona realizar\u00e1 un c\u00f3mputo mensual acorde con la informaci\u00f3n obtenida de dos medidores, uno que registra el consumo de electricidad y facturaci\u00f3n comercial (medidor normal instalado por la empresa distribuidora (M1); y otro, que determina la energ\u00eda producida por los generadores de emergencia privados (M2) durante el periodo de d\u00e9ficit o racionamiento.<\/p>\n","protected":false},"excerpt":{"rendered":"<p>La determinaci\u00f3n de las condiciones t\u00e9cnicas y comerciales para los propietarios de generadores el\u00e9ctricos privados con una potencia m\u00ednima de 100 kW (kilovatios), que participen en el autoabastecimiento de energ\u00eda el\u00e9ctrica en condiciones de d\u00e9ficit de generaci\u00f3n o racionamientos, es el objetivo principal de la Regulaci\u00f3n Nro. 003\/24, la cual fue presentada de manera oficial por el Viceministro de Electricidad y Energ\u00eda Renovable, Rafael Quintero, durante un conversatorio con medios de comunicaci\u00f3n, desarrollado, este 10 de septiembre.<\/p>\n","protected":false},"author":1,"featured_media":27706,"comment_status":"open","ping_status":"open","sticky":false,"template":"","format":"standard","meta":{"footnotes":""},"categories":[21],"tags":[23],"class_list":["post-27705","post","type-post","status-publish","format-standard","has-post-thumbnail","hentry","category-noticia-del-dia","tag-ecuador"],"_links":{"self":[{"href":"https:\/\/elmercuriomanta.ec\/index.php\/wp-json\/wp\/v2\/posts\/27705","targetHints":{"allow":["GET"]}}],"collection":[{"href":"https:\/\/elmercuriomanta.ec\/index.php\/wp-json\/wp\/v2\/posts"}],"about":[{"href":"https:\/\/elmercuriomanta.ec\/index.php\/wp-json\/wp\/v2\/types\/post"}],"author":[{"embeddable":true,"href":"https:\/\/elmercuriomanta.ec\/index.php\/wp-json\/wp\/v2\/users\/1"}],"replies":[{"embeddable":true,"href":"https:\/\/elmercuriomanta.ec\/index.php\/wp-json\/wp\/v2\/comments?post=27705"}],"version-history":[{"count":1,"href":"https:\/\/elmercuriomanta.ec\/index.php\/wp-json\/wp\/v2\/posts\/27705\/revisions"}],"predecessor-version":[{"id":27707,"href":"https:\/\/elmercuriomanta.ec\/index.php\/wp-json\/wp\/v2\/posts\/27705\/revisions\/27707"}],"wp:featuredmedia":[{"embeddable":true,"href":"https:\/\/elmercuriomanta.ec\/index.php\/wp-json\/wp\/v2\/media\/27706"}],"wp:attachment":[{"href":"https:\/\/elmercuriomanta.ec\/index.php\/wp-json\/wp\/v2\/media?parent=27705"}],"wp:term":[{"taxonomy":"category","embeddable":true,"href":"https:\/\/elmercuriomanta.ec\/index.php\/wp-json\/wp\/v2\/categories?post=27705"},{"taxonomy":"post_tag","embeddable":true,"href":"https:\/\/elmercuriomanta.ec\/index.php\/wp-json\/wp\/v2\/tags?post=27705"}],"curies":[{"name":"wp","href":"https:\/\/api.w.org\/{rel}","templated":true}]}}