{"id":27675,"date":"2024-09-10T11:17:37","date_gmt":"2024-09-10T16:17:37","guid":{"rendered":"https:\/\/elmercuriomanta.ec\/?p=27675"},"modified":"2024-09-10T11:17:40","modified_gmt":"2024-09-10T16:17:40","slug":"ecuador-recibira-un-prestamo-de-usd-36-millones-de-la-caf","status":"publish","type":"post","link":"https:\/\/elmercuriomanta.ec\/index.php\/2024\/09\/10\/ecuador-recibira-un-prestamo-de-usd-36-millones-de-la-caf\/","title":{"rendered":"Ecuador recibir\u00e1 un pr\u00e9stamo de usd 36 millones de la CAF"},"content":{"rendered":"\n<figure class=\"wp-block-image aligncenter size-full is-resized\"><img fetchpriority=\"high\" decoding=\"async\" width=\"825\" height=\"600\" src=\"https:\/\/elmercuriomanta.ec\/wp-content\/uploads\/2024\/09\/image-129.png\" alt=\"\" class=\"wp-image-27676\" style=\"width:313px;height:auto\" srcset=\"https:\/\/elmercuriomanta.ec\/wp-content\/uploads\/2024\/09\/image-129.png 825w, https:\/\/elmercuriomanta.ec\/wp-content\/uploads\/2024\/09\/image-129-300x218.png 300w, https:\/\/elmercuriomanta.ec\/wp-content\/uploads\/2024\/09\/image-129-768x559.png 768w\" sizes=\"(max-width: 825px) 100vw, 825px\" \/><\/figure>\n\n\n\n<p>El banco estatal BanEcuador recibir\u00e1 del Banco de Desarrollo de Am\u00e9rica Latina y el Caribe (CAF) un pr\u00e9stamo por USD 36 millones, dirigido a la transformaci\u00f3n verde, digital e inclusiva, seg\u00fan anunci\u00f3 la instituci\u00f3n ecuatoriana en un comunicado.&nbsp;<\/p>\n\n\n\n<p>A\u00fan no se conocen las condiciones del cr\u00e9dito, pero la instituci\u00f3n adelant\u00f3 que el pr\u00e9stamo se recibir\u00e1 durante el primer Congreso Internacional de Finanzas Sostenibles para Agronegocios y Agricultura Familiar.&nbsp;<\/p>\n\n\n\n<p>Este se celebrar\u00e1 entre el mi\u00e9rcoles y jueves pr\u00f3ximos, en un esfuerzo conjunto con la Organizaci\u00f3n de las Naciones Unidas para la Alimentaci\u00f3n y la Agricultura (FAO). \u201cEl evento marca un hito hist\u00f3rico en la banca p\u00fablica al reunir a inversionistas, entidades financieras multilaterales, gobiernos locales, academia, ONGs\u201d, indic\u00f3 BanEcuador.&nbsp;<\/p>\n\n\n\n<p>CONGRESO INTERNACIONAL DE FINANZAS SOSTENIBLES El objetivo principal de este Congreso es proporcionar un espacio de encuentro y colaboraci\u00f3n para la adopci\u00f3n de pr\u00e1cticas financieras sostenibles que impulsen el desarrollo econ\u00f3mico de los sectores productivos, a trav\u00e9s de paneles de discusi\u00f3n, sesiones plenarias y \u2018workshops\u2019 interactivos.&nbsp;<\/p>\n\n\n\n<p>Con esto se busca promover un di\u00e1logo constructivo que explore nuevas estrategias y soluciones innovadoras. Entre los temas que se abordar\u00e1n en el Congreso Internacional figuran finanzas sostenibles, producci\u00f3n sostenible, enfoque inclusivo e innovaci\u00f3n para la sostenibilidad.<\/p>\n\n\n\n<p>&nbsp;BanEcuador busca incorporar el enfoque de sostenibilidad en su gesti\u00f3n. Por ello, se incluir\u00e1n los enfoques social, ambiental y econ\u00f3mico en sus productos y servicios, tanto financieros como no financieros, se\u00f1al\u00f3 la instituci\u00f3n.<\/p>\n","protected":false},"excerpt":{"rendered":"<p>El banco estatal BanEcuador recibir\u00e1 del Banco de Desarrollo de Am\u00e9rica Latina y el Caribe (CAF) un pr\u00e9stamo por USD 36 millones, dirigido a la transformaci\u00f3n verde, digital e inclusiva, seg\u00fan anunci\u00f3 la instituci\u00f3n ecuatoriana en un comunicado.\u00a0<\/p>\n","protected":false},"author":1,"featured_media":27676,"comment_status":"open","ping_status":"open","sticky":false,"template":"","format":"standard","meta":{"footnotes":""},"categories":[19],"tags":[23],"class_list":["post-27675","post","type-post","status-publish","format-standard","has-post-thumbnail","hentry","category-portada-1","tag-ecuador"],"_links":{"self":[{"href":"https:\/\/elmercuriomanta.ec\/index.php\/wp-json\/wp\/v2\/posts\/27675","targetHints":{"allow":["GET"]}}],"collection":[{"href":"https:\/\/elmercuriomanta.ec\/index.php\/wp-json\/wp\/v2\/posts"}],"about":[{"href":"https:\/\/elmercuriomanta.ec\/index.php\/wp-json\/wp\/v2\/types\/post"}],"author":[{"embeddable":true,"href":"https:\/\/elmercuriomanta.ec\/index.php\/wp-json\/wp\/v2\/users\/1"}],"replies":[{"embeddable":true,"href":"https:\/\/elmercuriomanta.ec\/index.php\/wp-json\/wp\/v2\/comments?post=27675"}],"version-history":[{"count":1,"href":"https:\/\/elmercuriomanta.ec\/index.php\/wp-json\/wp\/v2\/posts\/27675\/revisions"}],"predecessor-version":[{"id":27677,"href":"https:\/\/elmercuriomanta.ec\/index.php\/wp-json\/wp\/v2\/posts\/27675\/revisions\/27677"}],"wp:featuredmedia":[{"embeddable":true,"href":"https:\/\/elmercuriomanta.ec\/index.php\/wp-json\/wp\/v2\/media\/27676"}],"wp:attachment":[{"href":"https:\/\/elmercuriomanta.ec\/index.php\/wp-json\/wp\/v2\/media?parent=27675"}],"wp:term":[{"taxonomy":"category","embeddable":true,"href":"https:\/\/elmercuriomanta.ec\/index.php\/wp-json\/wp\/v2\/categories?post=27675"},{"taxonomy":"post_tag","embeddable":true,"href":"https:\/\/elmercuriomanta.ec\/index.php\/wp-json\/wp\/v2\/tags?post=27675"}],"curies":[{"name":"wp","href":"https:\/\/api.w.org\/{rel}","templated":true}]}}