{"id":27650,"date":"2024-09-09T16:32:11","date_gmt":"2024-09-09T21:32:11","guid":{"rendered":"https:\/\/elmercuriomanta.ec\/?p=27650"},"modified":"2024-09-09T16:32:13","modified_gmt":"2024-09-09T21:32:13","slug":"hallan-el-cadaver-de-una-joven-baleada-y-con-signos-de-violencia","status":"publish","type":"post","link":"https:\/\/elmercuriomanta.ec\/index.php\/2024\/09\/09\/hallan-el-cadaver-de-una-joven-baleada-y-con-signos-de-violencia\/","title":{"rendered":"Hallan el cad\u00e1ver de una joven baleada y con signos de violencia"},"content":{"rendered":"\n<figure class=\"wp-block-image aligncenter size-large is-resized\"><img fetchpriority=\"high\" decoding=\"async\" width=\"1024\" height=\"616\" src=\"https:\/\/elmercuriomanta.ec\/wp-content\/uploads\/2024\/09\/image-125-1024x616.png\" alt=\"\" class=\"wp-image-27651\" style=\"width:422px;height:auto\" srcset=\"https:\/\/elmercuriomanta.ec\/wp-content\/uploads\/2024\/09\/image-125-1024x616.png 1024w, https:\/\/elmercuriomanta.ec\/wp-content\/uploads\/2024\/09\/image-125-300x181.png 300w, https:\/\/elmercuriomanta.ec\/wp-content\/uploads\/2024\/09\/image-125-768x462.png 768w, https:\/\/elmercuriomanta.ec\/wp-content\/uploads\/2024\/09\/image-125.png 1170w\" sizes=\"(max-width: 1024px) 100vw, 1024px\" \/><\/figure>\n\n\n\n<p>La escena era de terror. El cad\u00e1ver de la f\u00e9mina estaba boca abajo y de acuerdo con la inspecci\u00f3n ocular t\u00e9cnica, la mujer presentaba varios impactos producidos por arma de fuego. Asimismo, registraba signos de violencia.&nbsp;<\/p>\n\n\n\n<p>La Polic\u00eda Nacional investiga el crimen de esta joven mujer. De acuerdo con allegados no ten\u00edan informaci\u00f3n de ella desde la noche del s\u00e1bado 7 de septiembre.<\/p>\n\n\n\n<p>&nbsp;En redes sociales circula una supuesta amenaza a la f\u00e9mina por supuestamente formar parte de un grupo delictivo, sin embargo, ese detalle no ha sido confirmado ni descartado por la Polic\u00eda Nacional. El cad\u00e1ver de la f\u00e9mina fue trasladado al Centro Forense de la ciudad de Manta para la necropsia de ley.<\/p>\n\n\n\n<p><\/p>\n","protected":false},"excerpt":{"rendered":"<p>La escena era de terror. El cad\u00e1ver de la f\u00e9mina estaba boca abajo y de acuerdo con la inspecci\u00f3n ocular t\u00e9cnica, la mujer presentaba varios impactos producidos por arma de fuego. Asimismo, registraba signos de violencia.\u00a0<\/p>\n","protected":false},"author":1,"featured_media":27651,"comment_status":"open","ping_status":"open","sticky":false,"template":"","format":"standard","meta":{"footnotes":""},"categories":[16],"tags":[91],"class_list":["post-27650","post","type-post","status-publish","format-standard","has-post-thumbnail","hentry","category-cronica","tag-cronica"],"_links":{"self":[{"href":"https:\/\/elmercuriomanta.ec\/index.php\/wp-json\/wp\/v2\/posts\/27650","targetHints":{"allow":["GET"]}}],"collection":[{"href":"https:\/\/elmercuriomanta.ec\/index.php\/wp-json\/wp\/v2\/posts"}],"about":[{"href":"https:\/\/elmercuriomanta.ec\/index.php\/wp-json\/wp\/v2\/types\/post"}],"author":[{"embeddable":true,"href":"https:\/\/elmercuriomanta.ec\/index.php\/wp-json\/wp\/v2\/users\/1"}],"replies":[{"embeddable":true,"href":"https:\/\/elmercuriomanta.ec\/index.php\/wp-json\/wp\/v2\/comments?post=27650"}],"version-history":[{"count":2,"href":"https:\/\/elmercuriomanta.ec\/index.php\/wp-json\/wp\/v2\/posts\/27650\/revisions"}],"predecessor-version":[{"id":27653,"href":"https:\/\/elmercuriomanta.ec\/index.php\/wp-json\/wp\/v2\/posts\/27650\/revisions\/27653"}],"wp:featuredmedia":[{"embeddable":true,"href":"https:\/\/elmercuriomanta.ec\/index.php\/wp-json\/wp\/v2\/media\/27651"}],"wp:attachment":[{"href":"https:\/\/elmercuriomanta.ec\/index.php\/wp-json\/wp\/v2\/media?parent=27650"}],"wp:term":[{"taxonomy":"category","embeddable":true,"href":"https:\/\/elmercuriomanta.ec\/index.php\/wp-json\/wp\/v2\/categories?post=27650"},{"taxonomy":"post_tag","embeddable":true,"href":"https:\/\/elmercuriomanta.ec\/index.php\/wp-json\/wp\/v2\/tags?post=27650"}],"curies":[{"name":"wp","href":"https:\/\/api.w.org\/{rel}","templated":true}]}}