{"id":27637,"date":"2024-09-09T14:55:58","date_gmt":"2024-09-09T19:55:58","guid":{"rendered":"https:\/\/elmercuriomanta.ec\/?p=27637"},"modified":"2024-09-09T14:56:00","modified_gmt":"2024-09-09T19:56:00","slug":"buscan-destituir-a-la-vicepresidenta-veronica-abad","status":"publish","type":"post","link":"https:\/\/elmercuriomanta.ec\/index.php\/2024\/09\/09\/buscan-destituir-a-la-vicepresidenta-veronica-abad\/","title":{"rendered":"Buscan destituir a la vicepresidenta Ver\u00f3nica Abad"},"content":{"rendered":"\n<figure class=\"wp-block-image aligncenter size-full is-resized\"><img fetchpriority=\"high\" decoding=\"async\" width=\"400\" height=\"400\" src=\"https:\/\/elmercuriomanta.ec\/wp-content\/uploads\/2024\/09\/image-122.png\" alt=\"\" class=\"wp-image-27640\" style=\"width:190px;height:auto\" srcset=\"https:\/\/elmercuriomanta.ec\/wp-content\/uploads\/2024\/09\/image-122.png 400w, https:\/\/elmercuriomanta.ec\/wp-content\/uploads\/2024\/09\/image-122-300x300.png 300w, https:\/\/elmercuriomanta.ec\/wp-content\/uploads\/2024\/09\/image-122-150x150.png 150w\" sizes=\"(max-width: 400px) 100vw, 400px\" \/><\/figure>\n\n\n\n<p>Diana Jacome, asesora presidencial revel\u00f3 que con la denuncia que present\u00f3 ante el TCE por supuesta violencia pol\u00edtica de g\u00e9nero en contra  la vicepresidenta Ver\u00f3nica Abad busca su destituci\u00f3n, la suspensi\u00f3n de sus derechos pol\u00edticos y una multa econ\u00f3mica.<\/p>\n\n\n\n<p>\u201cYo espero, conf\u00edo en la justicia electoral, de que acepte las pretensiones que he puesto en esta denuncia: destituci\u00f3n y suspensi\u00f3n de los derechos pol\u00edticos, y la sanci\u00f3n econ\u00f3mica que corresponda a la se\u00f1ora Abad\u201d, dijo en radio Quito.<br><\/p>\n\n\n\n<p>Destac\u00f3 que \u201cNosotros esperamos que el Tribunal acoja nuestra denuncia. La pretensi\u00f3n, reitero, es la destituci\u00f3n de la se\u00f1ora vicepresidenta porque est\u00e1 afectando nuestros derechos, trata de limitar, suspender la participaci\u00f3n pol\u00edtica\u201d<\/p>\n\n\n\n<p>La audiencia se llevar\u00e1 a cabo el 30 de septiembre, donde se presentar\u00e1n las pruebas y alegatos. <\/p>\n\n\n\n<p><\/p>\n\n\n\n<p><\/p>\n","protected":false},"excerpt":{"rendered":"<p>Diana Jacome, asesora presidencial revel\u00f3 que con la denuncia que present\u00f3 ante el TCE por supuesta violencia pol\u00edtica de g\u00e9nero en contra  la vicepresidenta Ver\u00f3nica Abad busca su destituci\u00f3n, la suspensi\u00f3n de sus derechos pol\u00edticos y una multa econ\u00f3mica.<\/p>\n","protected":false},"author":1,"featured_media":27640,"comment_status":"open","ping_status":"open","sticky":false,"template":"","format":"standard","meta":{"footnotes":""},"categories":[54],"tags":[22],"class_list":["post-27637","post","type-post","status-publish","format-standard","has-post-thumbnail","hentry","category-politica","tag-politica"],"_links":{"self":[{"href":"https:\/\/elmercuriomanta.ec\/index.php\/wp-json\/wp\/v2\/posts\/27637","targetHints":{"allow":["GET"]}}],"collection":[{"href":"https:\/\/elmercuriomanta.ec\/index.php\/wp-json\/wp\/v2\/posts"}],"about":[{"href":"https:\/\/elmercuriomanta.ec\/index.php\/wp-json\/wp\/v2\/types\/post"}],"author":[{"embeddable":true,"href":"https:\/\/elmercuriomanta.ec\/index.php\/wp-json\/wp\/v2\/users\/1"}],"replies":[{"embeddable":true,"href":"https:\/\/elmercuriomanta.ec\/index.php\/wp-json\/wp\/v2\/comments?post=27637"}],"version-history":[{"count":1,"href":"https:\/\/elmercuriomanta.ec\/index.php\/wp-json\/wp\/v2\/posts\/27637\/revisions"}],"predecessor-version":[{"id":27641,"href":"https:\/\/elmercuriomanta.ec\/index.php\/wp-json\/wp\/v2\/posts\/27637\/revisions\/27641"}],"wp:featuredmedia":[{"embeddable":true,"href":"https:\/\/elmercuriomanta.ec\/index.php\/wp-json\/wp\/v2\/media\/27640"}],"wp:attachment":[{"href":"https:\/\/elmercuriomanta.ec\/index.php\/wp-json\/wp\/v2\/media?parent=27637"}],"wp:term":[{"taxonomy":"category","embeddable":true,"href":"https:\/\/elmercuriomanta.ec\/index.php\/wp-json\/wp\/v2\/categories?post=27637"},{"taxonomy":"post_tag","embeddable":true,"href":"https:\/\/elmercuriomanta.ec\/index.php\/wp-json\/wp\/v2\/tags?post=27637"}],"curies":[{"name":"wp","href":"https:\/\/api.w.org\/{rel}","templated":true}]}}