{"id":27627,"date":"2024-09-09T10:59:17","date_gmt":"2024-09-09T15:59:17","guid":{"rendered":"https:\/\/elmercuriomanta.ec\/?p=27627"},"modified":"2024-09-09T10:59:19","modified_gmt":"2024-09-09T15:59:19","slug":"hoy-se-conocera-la-sentencia-de-carlos-polit","status":"publish","type":"post","link":"https:\/\/elmercuriomanta.ec\/index.php\/2024\/09\/09\/hoy-se-conocera-la-sentencia-de-carlos-polit\/","title":{"rendered":"Hoy se conocer\u00e1\u00a0la sentencia de Carlos P\u00f3lit"},"content":{"rendered":"\n<figure class=\"wp-block-image aligncenter size-full is-resized\"><img fetchpriority=\"high\" decoding=\"async\" width=\"440\" height=\"279\" src=\"https:\/\/elmercuriomanta.ec\/wp-content\/uploads\/2024\/09\/image-117.png\" alt=\"\" class=\"wp-image-27628\" style=\"width:313px;height:auto\" srcset=\"https:\/\/elmercuriomanta.ec\/wp-content\/uploads\/2024\/09\/image-117.png 440w, https:\/\/elmercuriomanta.ec\/wp-content\/uploads\/2024\/09\/image-117-300x190.png 300w\" sizes=\"(max-width: 440px) 100vw, 440px\" \/><\/figure>\n\n\n\n<p>Este lunes, \u00a0<strong>se realizar\u00e1 la audiencia, en donde se conocer\u00e1 la sentencia de Carlos P\u00f3lit, que podr\u00eda llegar hasta<\/strong>\u00a0los 20 a\u00f1os de c\u00e1rcel.<\/p>\n\n\n\n<p>La Fiscal\u00eda\u00a0de Estados Unidos sugiere  el m\u00e1ximo de la pena para el exfuncionario, de 235 meses de prisi\u00f3n; es decir, 19 a\u00f1os y siete meses, a los que se sumar\u00edan tres a\u00f1os de libertad supervisada. Es acusado de conspiraci\u00f3n para lavado de activos en Estados Unidos.\u00a0<\/p>\n\n\n\n<p>Esto, debido a que el monto de lavado de activos supera los USD 9,5 millones. Tambi\u00e9n se contempla una<br>reparaci\u00f3n econ\u00f3mica, con el decomiso de, al menos, USD16,5 millones.<\/p>\n\n\n\n<p>Desde el 23 de abril, P\u00f3lit est\u00e1 preso en una c\u00e1rcel de Florida. La Justicia de ese pa\u00eds le formul\u00f3 seis cargos, que incluyen conspiraci\u00f3n para cometer lavado de activos, de dinero y participaci\u00f3n en transacciones de bienes derivados de las actividades delictivas.<\/p>\n\n\n\n<p><\/p>\n","protected":false},"excerpt":{"rendered":"<p>Este lunes, \u00a0se realizar\u00e1 la audiencia, en donde se conocer\u00e1 la sentencia de Carlos P\u00f3lit, que podr\u00eda llegar hasta\u00a0los 20 a\u00f1os de c\u00e1rcel.<\/p>\n","protected":false},"author":1,"featured_media":27628,"comment_status":"open","ping_status":"open","sticky":false,"template":"","format":"standard","meta":{"footnotes":""},"categories":[54],"tags":[22],"class_list":["post-27627","post","type-post","status-publish","format-standard","has-post-thumbnail","hentry","category-politica","tag-politica"],"_links":{"self":[{"href":"https:\/\/elmercuriomanta.ec\/index.php\/wp-json\/wp\/v2\/posts\/27627","targetHints":{"allow":["GET"]}}],"collection":[{"href":"https:\/\/elmercuriomanta.ec\/index.php\/wp-json\/wp\/v2\/posts"}],"about":[{"href":"https:\/\/elmercuriomanta.ec\/index.php\/wp-json\/wp\/v2\/types\/post"}],"author":[{"embeddable":true,"href":"https:\/\/elmercuriomanta.ec\/index.php\/wp-json\/wp\/v2\/users\/1"}],"replies":[{"embeddable":true,"href":"https:\/\/elmercuriomanta.ec\/index.php\/wp-json\/wp\/v2\/comments?post=27627"}],"version-history":[{"count":2,"href":"https:\/\/elmercuriomanta.ec\/index.php\/wp-json\/wp\/v2\/posts\/27627\/revisions"}],"predecessor-version":[{"id":27630,"href":"https:\/\/elmercuriomanta.ec\/index.php\/wp-json\/wp\/v2\/posts\/27627\/revisions\/27630"}],"wp:featuredmedia":[{"embeddable":true,"href":"https:\/\/elmercuriomanta.ec\/index.php\/wp-json\/wp\/v2\/media\/27628"}],"wp:attachment":[{"href":"https:\/\/elmercuriomanta.ec\/index.php\/wp-json\/wp\/v2\/media?parent=27627"}],"wp:term":[{"taxonomy":"category","embeddable":true,"href":"https:\/\/elmercuriomanta.ec\/index.php\/wp-json\/wp\/v2\/categories?post=27627"},{"taxonomy":"post_tag","embeddable":true,"href":"https:\/\/elmercuriomanta.ec\/index.php\/wp-json\/wp\/v2\/tags?post=27627"}],"curies":[{"name":"wp","href":"https:\/\/api.w.org\/{rel}","templated":true}]}}