{"id":27623,"date":"2024-09-09T10:39:01","date_gmt":"2024-09-09T15:39:01","guid":{"rendered":"https:\/\/elmercuriomanta.ec\/?p=27623"},"modified":"2024-09-09T10:39:03","modified_gmt":"2024-09-09T15:39:03","slug":"edmundo-gonzalez-llega-a-espana-tras-recibir-asilo-politico","status":"publish","type":"post","link":"https:\/\/elmercuriomanta.ec\/index.php\/2024\/09\/09\/edmundo-gonzalez-llega-a-espana-tras-recibir-asilo-politico\/","title":{"rendered":"Edmundo Gonz\u00e1lez llega a Espa\u00f1a tras recibir asilo pol\u00edtico"},"content":{"rendered":"\n<figure class=\"wp-block-image aligncenter size-full is-resized\"><img fetchpriority=\"high\" decoding=\"async\" width=\"825\" height=\"600\" src=\"https:\/\/elmercuriomanta.ec\/wp-content\/uploads\/2024\/09\/image-116.png\" alt=\"\" class=\"wp-image-27624\" style=\"width:343px;height:auto\" srcset=\"https:\/\/elmercuriomanta.ec\/wp-content\/uploads\/2024\/09\/image-116.png 825w, https:\/\/elmercuriomanta.ec\/wp-content\/uploads\/2024\/09\/image-116-300x218.png 300w, https:\/\/elmercuriomanta.ec\/wp-content\/uploads\/2024\/09\/image-116-768x559.png 768w\" sizes=\"(max-width: 825px) 100vw, 825px\" \/><\/figure>\n\n\n\n<p>El avi\u00f3n de las Fuerzas A\u00e9reas Espa\u00f1olas que traslada a Espa\u00f1a al opositor venezolano Edmundo Gonz\u00e1lez aterriz\u00f3 en la Base A\u00e9rea de Torrej\u00f3n de Ardoz, en Madrid, a las 16:00 hora local.<\/p>\n\n\n\n<p>&nbsp;Seg\u00fan ha informado el ministerio espa\u00f1ol de Asuntos Exteriores, Gonz\u00e1lez, que viaja acompa\u00f1ado por su esposa y por el secretario de Estado de Asuntos Exteriores y Goblales, Diego Mart\u00ednez Bel\u00edo, fue recibido por la secretar\u00eda de Estado para Iberoam\u00e9rica y el Espa\u00f1ol en el Mundo, Susana Sumelzo.<\/p>\n\n\n\n<p>&nbsp;Adem\u00e1s, indic\u00f3: \u201cA partir de ahora, comenzar\u00e1n los tr\u00e1mites para la petici\u00f3n del asilo, cuyo resoluci\u00f3n ser\u00e1 favorable en aras del compromiso de Espa\u00f1a con los derechos pol\u00edticos y la integridad f\u00edsica de todos los venezolanos y venezolanas, especialmente de los l\u00edderes pol\u00edticos\u201d.&nbsp;<\/p>\n\n\n\n<p>Esto mientras, el Canciller de Asuntos Exteriores de Pa\u00edses Bajos, Caspar Veldkamp, inform\u00f3 a la C\u00e1mara de Representantes de su pa\u00eds que Gonz\u00e1lez Urrutia, estuvo alojado en secreto, a pedido del mismo Gonz\u00e1lez, en la embajada neerlandesa en Caracas durante m\u00e1s de un mes.&nbsp;<\/p>\n\n\n\n<p>La salida de Edmundo Gonz\u00e1lez ocurre en medio de una creciente crisis pol\u00edtica desatada tras las elecciones del 28 de julio. Seg\u00fan el Consejo Nacional Electoral, Maduro fue declarado ganador, pero la oposici\u00f3n, liderada por la Plataforma Unitaria Democr\u00e1tica (PUD), sostiene que Gonz\u00e1lez Urrutia fue el verdadero vencedor.<\/p>\n","protected":false},"excerpt":{"rendered":"<p>El avi\u00f3n de las Fuerzas A\u00e9reas Espa\u00f1olas que traslada a Espa\u00f1a al opositor venezolano Edmundo Gonz\u00e1lez aterriz\u00f3 en la Base A\u00e9rea de Torrej\u00f3n de Ardoz, en Madrid, a las 16:00 hora local.<\/p>\n","protected":false},"author":1,"featured_media":27624,"comment_status":"open","ping_status":"open","sticky":false,"template":"","format":"standard","meta":{"footnotes":""},"categories":[8],"tags":[42],"class_list":["post-27623","post","type-post","status-publish","format-standard","has-post-thumbnail","hentry","category-internacional","tag-internacional"],"_links":{"self":[{"href":"https:\/\/elmercuriomanta.ec\/index.php\/wp-json\/wp\/v2\/posts\/27623","targetHints":{"allow":["GET"]}}],"collection":[{"href":"https:\/\/elmercuriomanta.ec\/index.php\/wp-json\/wp\/v2\/posts"}],"about":[{"href":"https:\/\/elmercuriomanta.ec\/index.php\/wp-json\/wp\/v2\/types\/post"}],"author":[{"embeddable":true,"href":"https:\/\/elmercuriomanta.ec\/index.php\/wp-json\/wp\/v2\/users\/1"}],"replies":[{"embeddable":true,"href":"https:\/\/elmercuriomanta.ec\/index.php\/wp-json\/wp\/v2\/comments?post=27623"}],"version-history":[{"count":2,"href":"https:\/\/elmercuriomanta.ec\/index.php\/wp-json\/wp\/v2\/posts\/27623\/revisions"}],"predecessor-version":[{"id":27626,"href":"https:\/\/elmercuriomanta.ec\/index.php\/wp-json\/wp\/v2\/posts\/27623\/revisions\/27626"}],"wp:featuredmedia":[{"embeddable":true,"href":"https:\/\/elmercuriomanta.ec\/index.php\/wp-json\/wp\/v2\/media\/27624"}],"wp:attachment":[{"href":"https:\/\/elmercuriomanta.ec\/index.php\/wp-json\/wp\/v2\/media?parent=27623"}],"wp:term":[{"taxonomy":"category","embeddable":true,"href":"https:\/\/elmercuriomanta.ec\/index.php\/wp-json\/wp\/v2\/categories?post=27623"},{"taxonomy":"post_tag","embeddable":true,"href":"https:\/\/elmercuriomanta.ec\/index.php\/wp-json\/wp\/v2\/tags?post=27623"}],"curies":[{"name":"wp","href":"https:\/\/api.w.org\/{rel}","templated":true}]}}