{"id":27617,"date":"2024-09-09T10:18:41","date_gmt":"2024-09-09T15:18:41","guid":{"rendered":"https:\/\/elmercuriomanta.ec\/?p=27617"},"modified":"2024-09-09T10:18:42","modified_gmt":"2024-09-09T15:18:42","slug":"el-papa-francisco-envia-un-mensaje-por-el-congreso-eucaristico-internacional","status":"publish","type":"post","link":"https:\/\/elmercuriomanta.ec\/index.php\/2024\/09\/09\/el-papa-francisco-envia-un-mensaje-por-el-congreso-eucaristico-internacional\/","title":{"rendered":"El Papa Francisco env\u00eda un mensaje por el congreso Eucar\u00edstico Internacional\u00a0\u00a0"},"content":{"rendered":"\n<figure class=\"wp-block-image aligncenter size-large is-resized\"><img fetchpriority=\"high\" decoding=\"async\" width=\"1024\" height=\"512\" src=\"https:\/\/elmercuriomanta.ec\/wp-content\/uploads\/2024\/09\/image-114-1024x512.png\" alt=\"\" class=\"wp-image-27618\" style=\"width:296px;height:auto\" srcset=\"https:\/\/elmercuriomanta.ec\/wp-content\/uploads\/2024\/09\/image-114-1024x512.png 1024w, https:\/\/elmercuriomanta.ec\/wp-content\/uploads\/2024\/09\/image-114-300x150.png 300w, https:\/\/elmercuriomanta.ec\/wp-content\/uploads\/2024\/09\/image-114-768x384.png 768w, https:\/\/elmercuriomanta.ec\/wp-content\/uploads\/2024\/09\/image-114.png 1200w\" sizes=\"(max-width: 1024px) 100vw, 1024px\" \/><\/figure>\n\n\n\n<p>El papa Francisco asegur\u00f3 que \u201cla fraternidad debe ser proactiva\u201d en un videomensaje enviado al 53\u00b0 Congreso Eucar\u00edstico Internacional, que se inaugur\u00f3 este domingo 8 de septiembre en Quito, mientras \u00e9l se encuentra de visita en varios pa\u00edses de Asia y Ocean\u00eda.<\/p>\n\n\n\n<p>&nbsp;\u201cMe alegra poder participar, aunque sea desde la distancia\u201d, dijo el pont\u00edfice a los cerca de 4 000 participantes en el evento, que se celebrar\u00e1 hasta el pr\u00f3ximo 15 de septiembre bajo el \u201chermoso lema\u201d de \u201cFraternidad para sanar el mundo\u201d.&nbsp;<\/p>\n\n\n\n<p>Tras destacar que \u201clas lecciones que podemos acoger de la Sant\u00edsima Eucarist\u00eda siempre nos sorprenden\u201d, Francisco mostr\u00f3 su satisfacci\u00f3n porque entre todas \u201cestas ense\u00f1anzas, ustedes han querido escoger la de la fraternidad, como condici\u00f3n esencial para un mundo nuevo, un mundo m\u00e1s justo, un mundo m\u00e1s humano\u201d.<\/p>\n\n\n\n<p><\/p>\n","protected":false},"excerpt":{"rendered":"<p>El papa Francisco asegur\u00f3 que \u201cla fraternidad debe ser proactiva\u201d en un videomensaje enviado al 53\u00b0 Congreso Eucar\u00edstico Internacional, que se inaugur\u00f3 este domingo 8 de septiembre en Quito, mientras \u00e9l se encuentra de visita en varios pa\u00edses de Asia y Ocean\u00eda.<\/p>\n","protected":false},"author":1,"featured_media":27618,"comment_status":"open","ping_status":"open","sticky":false,"template":"","format":"standard","meta":{"footnotes":""},"categories":[8],"tags":[42],"class_list":["post-27617","post","type-post","status-publish","format-standard","has-post-thumbnail","hentry","category-internacional","tag-internacional"],"_links":{"self":[{"href":"https:\/\/elmercuriomanta.ec\/index.php\/wp-json\/wp\/v2\/posts\/27617","targetHints":{"allow":["GET"]}}],"collection":[{"href":"https:\/\/elmercuriomanta.ec\/index.php\/wp-json\/wp\/v2\/posts"}],"about":[{"href":"https:\/\/elmercuriomanta.ec\/index.php\/wp-json\/wp\/v2\/types\/post"}],"author":[{"embeddable":true,"href":"https:\/\/elmercuriomanta.ec\/index.php\/wp-json\/wp\/v2\/users\/1"}],"replies":[{"embeddable":true,"href":"https:\/\/elmercuriomanta.ec\/index.php\/wp-json\/wp\/v2\/comments?post=27617"}],"version-history":[{"count":1,"href":"https:\/\/elmercuriomanta.ec\/index.php\/wp-json\/wp\/v2\/posts\/27617\/revisions"}],"predecessor-version":[{"id":27619,"href":"https:\/\/elmercuriomanta.ec\/index.php\/wp-json\/wp\/v2\/posts\/27617\/revisions\/27619"}],"wp:featuredmedia":[{"embeddable":true,"href":"https:\/\/elmercuriomanta.ec\/index.php\/wp-json\/wp\/v2\/media\/27618"}],"wp:attachment":[{"href":"https:\/\/elmercuriomanta.ec\/index.php\/wp-json\/wp\/v2\/media?parent=27617"}],"wp:term":[{"taxonomy":"category","embeddable":true,"href":"https:\/\/elmercuriomanta.ec\/index.php\/wp-json\/wp\/v2\/categories?post=27617"},{"taxonomy":"post_tag","embeddable":true,"href":"https:\/\/elmercuriomanta.ec\/index.php\/wp-json\/wp\/v2\/tags?post=27617"}],"curies":[{"name":"wp","href":"https:\/\/api.w.org\/{rel}","templated":true}]}}