{"id":27493,"date":"2024-09-07T13:44:46","date_gmt":"2024-09-07T18:44:46","guid":{"rendered":"https:\/\/elmercuriomanta.ec\/?p=27493"},"modified":"2024-09-07T13:44:49","modified_gmt":"2024-09-07T18:44:49","slug":"el-acuerdo-comercial-entre-ecuador-y-costa-rica-entrara-en-vigencia-el-1-de-octubre","status":"publish","type":"post","link":"https:\/\/elmercuriomanta.ec\/index.php\/2024\/09\/07\/el-acuerdo-comercial-entre-ecuador-y-costa-rica-entrara-en-vigencia-el-1-de-octubre\/","title":{"rendered":"El Acuerdo Comercial entre Ecuador y Costa Rica Entrar\u00e1 en Vigencia el 1 de Octubre"},"content":{"rendered":"\n<figure class=\"wp-block-image aligncenter size-full is-resized\"><img fetchpriority=\"high\" decoding=\"async\" width=\"1005\" height=\"670\" src=\"https:\/\/elmercuriomanta.ec\/wp-content\/uploads\/2024\/09\/image-76.png\" alt=\"\" class=\"wp-image-27494\" style=\"width:454px;height:auto\" srcset=\"https:\/\/elmercuriomanta.ec\/wp-content\/uploads\/2024\/09\/image-76.png 1005w, https:\/\/elmercuriomanta.ec\/wp-content\/uploads\/2024\/09\/image-76-300x200.png 300w, https:\/\/elmercuriomanta.ec\/wp-content\/uploads\/2024\/09\/image-76-768x512.png 768w\" sizes=\"(max-width: 1005px) 100vw, 1005px\" \/><\/figure>\n\n\n\n<p>El acuerdo comercial entre Ecuador y Costa Rica que busca fomentar el intercambio comercial e incrementar las inversiones en ambos pa\u00edses entrar\u00e1 en vigor a partir del 1 de octubre de este a\u00f1o, seg\u00fan inform\u00f3 la ministra de Producci\u00f3n, Comercio Exterior, Inversiones y Pesca de Ecuador, Sonsoles Garc\u00eda. La fecha de inicio del tratado de libre comercio la dio a conocer en un acto con su hom\u00f3logo costarricense, Manuel Tovar, en el que intercambiaron documentos oficiales, como paso previo a la entrada en vigor del acuerdo que incluye una veintena de cap\u00edtulos sobre materias como g\u00e9nero y comercio, protecci\u00f3n de derechos laborales y est\u00e1ndares medioambientales o comercio electr\u00f3nico.<\/p>\n\n\n\n<p>La ministra Garc\u00eda recalc\u00f3 la importancia de este intercambio comercial para profundizar en su relaci\u00f3n con Costa Rica, \u201cun aliado estrat\u00e9gico que va a permitir ingresar al mercado de Centroam\u00e9rica con mucha m\u00e1s potencia\u201d. OFERTA EXPORTABLE ECUATORIANA Actualmente, el 65 % de la oferta exportable ecuatoriana que ingresa a Costa Rica lo hace sin preferencias arancelarias, detall\u00f3 la ministra. Por ello, declar\u00f3 que desde la entrada en vigencia de este acuerdo el 1 de octubre el 84 % de esta oferta ingresar\u00e1 libre de aranceles al mercado costarricense y un 97 % de la misma se beneficiar\u00e1 paulatinamente de preferencias arancelarias.<\/p>\n\n\n\n<p>Por su parte, el ministro costarricense, Manuel Tovar, subray\u00f3 la importancia del comercio internacional como veh\u00edculo para generar bienestar social, mayor crecimiento de la econom\u00eda, aliviar el costo de vida de los consumidores y estimular la inversi\u00f3n extranjera y el turismo entre los pa\u00edses. Tovar declar\u00f3 que, desde antes del acuerdo, Ecuador ya era el tercer socio comercial de Costa Rica en Sudam\u00e9rica y que espera que pase a ser el primero. Este instrumento \u201ces una reafirmaci\u00f3n m\u00e1s de que queremos estrechar nuestros v\u00ednculos\u201d, declar\u00f3 el ministro costarricense.<\/p>\n","protected":false},"excerpt":{"rendered":"<p>El acuerdo comercial entre Ecuador y Costa Rica que busca fomentar el intercambio comercial e incrementar las inversiones en ambos pa\u00edses entrar\u00e1 en vigor a partir del 1 de octubre de este a\u00f1o, seg\u00fan inform\u00f3 la ministra de Producci\u00f3n, Comercio Exterior, Inversiones y Pesca de Ecuador, Sonsoles Garc\u00eda. La fecha de inicio del tratado de libre comercio la dio a conocer en un acto con su hom\u00f3logo costarricense, Manuel Tovar, en el que intercambiaron documentos oficiales, como paso previo a la entrada en vigor del acuerdo que incluye una veintena de cap\u00edtulos sobre materias como g\u00e9nero y comercio, protecci\u00f3n de derechos laborales y est\u00e1ndares medioambientales o comercio electr\u00f3nico.<\/p>\n<p>La ministra Garc\u00eda recalc\u00f3 la importancia de este intercambio comercial para profundizar en su relaci\u00f3n con Costa Rica, \u201cun aliado estrat\u00e9gico que va a permitir ingresar al mercado de Centroam\u00e9rica con mucha m\u00e1s potencia\u201d. OFERTA EXPORTABLE ECUATORIANA Actualmente, el 65 % de la oferta exportable ecuatoriana que ingresa a Costa Rica lo hace sin preferencias arancelarias, detall\u00f3 la ministra. Por ello, declar\u00f3 que desde la entrada en vigencia de este acuerdo el 1 de octubre el 84 % de esta oferta ingresar\u00e1 libre de aranceles al mercado costarricense y un 97 % de la misma se beneficiar\u00e1 paulatinamente de preferencias arancelarias.<\/p>\n<p>Por su parte, el ministro costarricense, Manuel Tovar, subray\u00f3 la importancia del comercio internacional como veh\u00edculo para generar bienestar social, mayor crecimiento de la econom\u00eda, aliviar el costo de vida de los consumidores y estimular la inversi\u00f3n extranjera y el turismo entre los pa\u00edses. Tovar declar\u00f3 que, desde antes del acuerdo, Ecuador ya era el tercer socio comercial de Costa Rica en Sudam\u00e9rica y que espera que pase a ser el primero. Este instrumento \u201ces una reafirmaci\u00f3n m\u00e1s de que queremos estrechar nuestros v\u00ednculos\u201d, declar\u00f3 el ministro costarricense.<\/p>\n","protected":false},"author":1,"featured_media":27494,"comment_status":"open","ping_status":"open","sticky":false,"template":"","format":"standard","meta":{"footnotes":""},"categories":[8],"tags":[23],"class_list":["post-27493","post","type-post","status-publish","format-standard","has-post-thumbnail","hentry","category-internacional","tag-ecuador"],"_links":{"self":[{"href":"https:\/\/elmercuriomanta.ec\/index.php\/wp-json\/wp\/v2\/posts\/27493","targetHints":{"allow":["GET"]}}],"collection":[{"href":"https:\/\/elmercuriomanta.ec\/index.php\/wp-json\/wp\/v2\/posts"}],"about":[{"href":"https:\/\/elmercuriomanta.ec\/index.php\/wp-json\/wp\/v2\/types\/post"}],"author":[{"embeddable":true,"href":"https:\/\/elmercuriomanta.ec\/index.php\/wp-json\/wp\/v2\/users\/1"}],"replies":[{"embeddable":true,"href":"https:\/\/elmercuriomanta.ec\/index.php\/wp-json\/wp\/v2\/comments?post=27493"}],"version-history":[{"count":1,"href":"https:\/\/elmercuriomanta.ec\/index.php\/wp-json\/wp\/v2\/posts\/27493\/revisions"}],"predecessor-version":[{"id":27495,"href":"https:\/\/elmercuriomanta.ec\/index.php\/wp-json\/wp\/v2\/posts\/27493\/revisions\/27495"}],"wp:featuredmedia":[{"embeddable":true,"href":"https:\/\/elmercuriomanta.ec\/index.php\/wp-json\/wp\/v2\/media\/27494"}],"wp:attachment":[{"href":"https:\/\/elmercuriomanta.ec\/index.php\/wp-json\/wp\/v2\/media?parent=27493"}],"wp:term":[{"taxonomy":"category","embeddable":true,"href":"https:\/\/elmercuriomanta.ec\/index.php\/wp-json\/wp\/v2\/categories?post=27493"},{"taxonomy":"post_tag","embeddable":true,"href":"https:\/\/elmercuriomanta.ec\/index.php\/wp-json\/wp\/v2\/tags?post=27493"}],"curies":[{"name":"wp","href":"https:\/\/api.w.org\/{rel}","templated":true}]}}