{"id":27477,"date":"2024-09-06T17:35:49","date_gmt":"2024-09-06T22:35:49","guid":{"rendered":"https:\/\/elmercuriomanta.ec\/?p=27477"},"modified":"2024-09-06T17:35:51","modified_gmt":"2024-09-06T22:35:51","slug":"produccion-petrolera-se-ve-afectada-tras-sequia-en-el-rio-napo","status":"publish","type":"post","link":"https:\/\/elmercuriomanta.ec\/index.php\/2024\/09\/06\/produccion-petrolera-se-ve-afectada-tras-sequia-en-el-rio-napo\/","title":{"rendered":"Producci\u00f3n petrolera se ve afectada tras\u00a0sequ\u00eda en el r\u00edo Napo"},"content":{"rendered":"\n<figure class=\"wp-block-image aligncenter size-full is-resized\"><img fetchpriority=\"high\" decoding=\"async\" width=\"605\" height=\"377\" src=\"https:\/\/elmercuriomanta.ec\/wp-content\/uploads\/2024\/09\/image-73.png\" alt=\"\" class=\"wp-image-27478\" style=\"width:323px;height:auto\" srcset=\"https:\/\/elmercuriomanta.ec\/wp-content\/uploads\/2024\/09\/image-73.png 605w, https:\/\/elmercuriomanta.ec\/wp-content\/uploads\/2024\/09\/image-73-300x187.png 300w\" sizes=\"(max-width: 605px) 100vw, 605px\" \/><\/figure>\n\n\n\n<p>El bajo nivel de agua en el r\u00edo Napo, en Orella ha afectado la producci\u00f3n petrolera. As\u00ed lo inform\u00f3 PetroEcuador. <\/p>\n\n\n\n<p>La problem\u00e1tica impide Los inconvenientes impiden el abastecimiento de combustible de dorma r\u00e1pida para el Activo Ed\u00e9n Yuturi-Nenke.\u00a0Porque el combustible se moviliza mediante gabarras, las cuales no pueden circular por el bajo caudal.<\/p>\n\n\n\n<p>Seg\u00fan PetroEcuador, , se apagaron pozos petroleros, reducci\u00f3n la producci\u00f3n, de aproximadamente 4 mil 300 barriles de petr\u00f3leo por d\u00eda. A\u00fan no hay fecha para el restablecimiento de las operaciones, debido a las condiciones clim\u00e1ticas. <\/p>\n\n\n\n<p>Por otra parte, Petroecuador comunic\u00f3 que se mantendr\u00e1 la producci\u00f3n petrolera en la \u00e9poca de estiaje.<\/p>\n\n\n\n<p>Adem\u00e1s, inform\u00f3 los <a href=\"https:\/\/www.eldiario.ec\/actualidad\/refineria-de-esmeraldas-paraliza-mas-de-dos-meses-reparar-danos\/\"><strong><mark>problemas en la refiner\u00eda de Esmeraldas<\/mark><\/strong><\/a>.<\/p>\n","protected":false},"excerpt":{"rendered":"<p>El bajo nivel de agua en el r\u00edo Napo, en Orella ha afectado la producci\u00f3n petrolera. As\u00ed lo inform\u00f3 PetroEcuador. <\/p>\n","protected":false},"author":1,"featured_media":27478,"comment_status":"open","ping_status":"open","sticky":false,"template":"","format":"standard","meta":{"footnotes":""},"categories":[20,83],"tags":[23],"class_list":["post-27477","post","type-post","status-publish","format-standard","has-post-thumbnail","hentry","category-portada-2","category-sucesos","tag-ecuador"],"_links":{"self":[{"href":"https:\/\/elmercuriomanta.ec\/index.php\/wp-json\/wp\/v2\/posts\/27477","targetHints":{"allow":["GET"]}}],"collection":[{"href":"https:\/\/elmercuriomanta.ec\/index.php\/wp-json\/wp\/v2\/posts"}],"about":[{"href":"https:\/\/elmercuriomanta.ec\/index.php\/wp-json\/wp\/v2\/types\/post"}],"author":[{"embeddable":true,"href":"https:\/\/elmercuriomanta.ec\/index.php\/wp-json\/wp\/v2\/users\/1"}],"replies":[{"embeddable":true,"href":"https:\/\/elmercuriomanta.ec\/index.php\/wp-json\/wp\/v2\/comments?post=27477"}],"version-history":[{"count":2,"href":"https:\/\/elmercuriomanta.ec\/index.php\/wp-json\/wp\/v2\/posts\/27477\/revisions"}],"predecessor-version":[{"id":27480,"href":"https:\/\/elmercuriomanta.ec\/index.php\/wp-json\/wp\/v2\/posts\/27477\/revisions\/27480"}],"wp:featuredmedia":[{"embeddable":true,"href":"https:\/\/elmercuriomanta.ec\/index.php\/wp-json\/wp\/v2\/media\/27478"}],"wp:attachment":[{"href":"https:\/\/elmercuriomanta.ec\/index.php\/wp-json\/wp\/v2\/media?parent=27477"}],"wp:term":[{"taxonomy":"category","embeddable":true,"href":"https:\/\/elmercuriomanta.ec\/index.php\/wp-json\/wp\/v2\/categories?post=27477"},{"taxonomy":"post_tag","embeddable":true,"href":"https:\/\/elmercuriomanta.ec\/index.php\/wp-json\/wp\/v2\/tags?post=27477"}],"curies":[{"name":"wp","href":"https:\/\/api.w.org\/{rel}","templated":true}]}}