{"id":27448,"date":"2024-09-06T11:54:18","date_gmt":"2024-09-06T16:54:18","guid":{"rendered":"https:\/\/elmercuriomanta.ec\/?p=27448"},"modified":"2024-09-06T11:55:02","modified_gmt":"2024-09-06T16:55:02","slug":"noboa-ordena-auditar-los-datos-de-las-muertes-violentas-entre-2008-y-2023","status":"publish","type":"post","link":"https:\/\/elmercuriomanta.ec\/index.php\/2024\/09\/06\/noboa-ordena-auditar-los-datos-de-las-muertes-violentas-entre-2008-y-2023\/","title":{"rendered":"Noboa ordena\u00a0auditar los datos de las muertes violentas entre 2008 y 2023"},"content":{"rendered":"\n<figure class=\"wp-block-image aligncenter size-large is-resized\"><img fetchpriority=\"high\" decoding=\"async\" width=\"1024\" height=\"512\" src=\"https:\/\/elmercuriomanta.ec\/wp-content\/uploads\/2024\/09\/image-64-1024x512.png\" alt=\"\" class=\"wp-image-27449\" style=\"width:278px;height:auto\" srcset=\"https:\/\/elmercuriomanta.ec\/wp-content\/uploads\/2024\/09\/image-64-1024x512.png 1024w, https:\/\/elmercuriomanta.ec\/wp-content\/uploads\/2024\/09\/image-64-300x150.png 300w, https:\/\/elmercuriomanta.ec\/wp-content\/uploads\/2024\/09\/image-64-768x384.png 768w, https:\/\/elmercuriomanta.ec\/wp-content\/uploads\/2024\/09\/image-64.png 1200w\" sizes=\"(max-width: 1024px) 100vw, 1024px\" \/><\/figure>\n\n\n\n<p>Este viernes, El presidente de la Rep\u00fablica,\u00a0<strong><a href=\"https:\/\/www.ecuavisa.com\/noticias\/politica\/daniel-noboa-seis-dias-viaje-nueva-york-toronto-MJ7946583\" target=\"_blank\" rel=\"noreferrer noopener\">Daniel Noboa<\/a><\/strong>, orden\u00f3 que el \u00a0Instituto Nacional de Estad\u00edstica y Censos (<strong>INEC<\/strong>) realice una auditor\u00eda a los datos de\u00a0<strong>homicidios, muertes violentas de intenci\u00f3n no determinada, tasas de tr\u00e1fico de menores y desaparici\u00f3n de personas\u00a0<\/strong>entre el 2008 y 2023, tras revelarse un presunto subregistro de m\u00e1s de 7 000 homicidios en un d\u00e9cada. <\/p>\n\n\n\n<figure class=\"wp-block-embed is-type-rich is-provider-twitter wp-block-embed-twitter\"><div class=\"wp-block-embed__wrapper\">\n<blockquote class=\"twitter-tweet\" data-width=\"550\" data-dnt=\"true\"><p lang=\"es\" dir=\"ltr\">La historia nos est\u00e1 mirando de frente y nos pregunta de qu\u00e9 lado queremos estar. <a href=\"https:\/\/t.co\/hcrHxazBpM\">pic.twitter.com\/hcrHxazBpM<\/a><\/p>&mdash; Daniel Noboa Azin (@DanielNoboaOk) <a href=\"https:\/\/twitter.com\/DanielNoboaOk\/status\/1832057854007857462?ref_src=twsrc%5Etfw\">September 6, 2024<\/a><\/blockquote><script async src=\"https:\/\/platform.twitter.com\/widgets.js\" charset=\"utf-8\"><\/script>\n<\/div><\/figure>\n\n\n\n<p>En un comunicado difundido en redes sociales \u00a0el mandatario\u00a0se\u00f1al\u00f3 \u00abSolicitaremos a la\u00a0<strong>Fiscal\u00eda General del Estado<\/strong>\u00a0(FGE) que inicie la investigaci\u00f3n que corresponda ante la posibilidad de falsificaci\u00f3n de documentos p\u00fablicos\u00bb. <\/p>\n\n\n\n<p>Adem\u00e1s, indic\u00f3  que se solicitar\u00e1 a la FGE  una investigaci\u00f3n en contra del pediatra\u00a0<strong><a href=\"https:\/\/www.ecuavisa.com\/noticias\/seguridad\/2024-07-11-pediatra-detenido-quito-prision-pornografia-infantil-HD7656018\" target=\"_blank\" rel=\"noreferrer noopener\">Pablo An\u00edbal Izquierdo<\/a><\/strong>, ex asesor en temas de salud de la<strong>\u00a0Presidencia de la Rep\u00fablica<\/strong>\u00a0entre 2011 y 2013, en la Administraci\u00f3n de\u00a0<strong>Rafael Correa<\/strong>. \u00c9l fue detenido en\u00a0<strong>Quito<\/strong>\u00a0en julio pasado por un caso de\u00a0<strong>pornograf\u00eda infantil<\/strong>.<\/p>\n\n\n\n<p>Se sospecha que en la gesti\u00f3n de Izquierdo hubo\u00a0<strong>\u00abposibles irregularidades en pol\u00edticas de salud p\u00fablica y manejo de datos\u00bb<\/strong>.<\/p>\n\n\n\n<p>La auditor\u00eda y las solicitudes ante la FGE tiene como objetivo buscar justicia. El investigador\u00a0<strong>Arduino Tomasi<\/strong>\u00a0analiz\u00f3 los datos oficiales del\u00a0<strong>INEC<\/strong>\u00a0sobre\u00a0<strong><a href=\"https:\/\/www.ecuavisa.com\/noticias\/quito\/quito-la-tasa-de-homicidios-es-de-526-victimas-por-cada-100-mil-habitantes-MA7882284\" target=\"_blank\" rel=\"noreferrer noopener\">muertas violentas<\/a><\/strong>\u00a0entre el\u00a0<strong>2008\u00a0<\/strong>y el\u00a0<strong>2018<\/strong>, y concluy\u00f3 que\u00a0<strong>7 739 fallecimientos<\/strong>\u00a0fueron catalogados como\u00a0<strong>muertes violentas de intensi\u00f3n no determinadas<\/strong>, ya que no hay datos para determinar las causas del hecho. <\/p>\n\n\n\n<p> La investigaci\u00f3n de Tomasi concluye que, luego de la salida de la Base de Manta, los registros reflejan un comportamiento irregular. Asimismo, segura que la trata de menores creci\u00f3 en un 69 %. <\/p>\n\n\n\n<p>Ecuador se volvi\u00f3 el primer pa\u00eds de\u00a0<strong>Latinoam\u00e9rica<\/strong>\u00a0en homicidios per capita, con\u00a0<strong>una tasa de 47,2 por cada 100 000 habitantes<\/strong>\u00a0en 2023,\u00a0<strong>ocho veces mayor respecto a 2016<\/strong>, producto del auge de la violencia de los grupos criminales. <\/p>\n\n\n\n<p><\/p>\n","protected":false},"excerpt":{"rendered":"<p>Este viernes, El presidente de la Rep\u00fablica,\u00a0Daniel Noboa, orden\u00f3 que el \u00a0Instituto Nacional de Estad\u00edstica y Censos (INEC) realice una auditor\u00eda a los datos de\u00a0homicidios, muertes violentas de intenci\u00f3n no determinada, tasas de tr\u00e1fico de menores y desaparici\u00f3n de personas\u00a0entre el 2008 y 2023, tras revelarse un presunto subregistro de m\u00e1s de 7 000 homicidios en un d\u00e9cada. <\/p>\n","protected":false},"author":1,"featured_media":27449,"comment_status":"open","ping_status":"open","sticky":false,"template":"","format":"standard","meta":{"footnotes":""},"categories":[54,83],"tags":[22],"class_list":["post-27448","post","type-post","status-publish","format-standard","has-post-thumbnail","hentry","category-politica","category-sucesos","tag-politica"],"_links":{"self":[{"href":"https:\/\/elmercuriomanta.ec\/index.php\/wp-json\/wp\/v2\/posts\/27448","targetHints":{"allow":["GET"]}}],"collection":[{"href":"https:\/\/elmercuriomanta.ec\/index.php\/wp-json\/wp\/v2\/posts"}],"about":[{"href":"https:\/\/elmercuriomanta.ec\/index.php\/wp-json\/wp\/v2\/types\/post"}],"author":[{"embeddable":true,"href":"https:\/\/elmercuriomanta.ec\/index.php\/wp-json\/wp\/v2\/users\/1"}],"replies":[{"embeddable":true,"href":"https:\/\/elmercuriomanta.ec\/index.php\/wp-json\/wp\/v2\/comments?post=27448"}],"version-history":[{"count":1,"href":"https:\/\/elmercuriomanta.ec\/index.php\/wp-json\/wp\/v2\/posts\/27448\/revisions"}],"predecessor-version":[{"id":27450,"href":"https:\/\/elmercuriomanta.ec\/index.php\/wp-json\/wp\/v2\/posts\/27448\/revisions\/27450"}],"wp:featuredmedia":[{"embeddable":true,"href":"https:\/\/elmercuriomanta.ec\/index.php\/wp-json\/wp\/v2\/media\/27449"}],"wp:attachment":[{"href":"https:\/\/elmercuriomanta.ec\/index.php\/wp-json\/wp\/v2\/media?parent=27448"}],"wp:term":[{"taxonomy":"category","embeddable":true,"href":"https:\/\/elmercuriomanta.ec\/index.php\/wp-json\/wp\/v2\/categories?post=27448"},{"taxonomy":"post_tag","embeddable":true,"href":"https:\/\/elmercuriomanta.ec\/index.php\/wp-json\/wp\/v2\/tags?post=27448"}],"curies":[{"name":"wp","href":"https:\/\/api.w.org\/{rel}","templated":true}]}}