{"id":27360,"date":"2024-09-05T10:24:13","date_gmt":"2024-09-05T15:24:13","guid":{"rendered":"https:\/\/elmercuriomanta.ec\/?p=27360"},"modified":"2024-09-05T10:24:15","modified_gmt":"2024-09-05T15:24:15","slug":"puedo-pedir-el-voto-por-quien-me-de-la-gana-correa-sobre-la-liga-azul","status":"publish","type":"post","link":"https:\/\/elmercuriomanta.ec\/index.php\/2024\/09\/05\/puedo-pedir-el-voto-por-quien-me-de-la-gana-correa-sobre-la-liga-azul\/","title":{"rendered":"\u201cPuedo pedir el voto por quien me d\u00e9 la gana\u201d: Correa sobre la liga azul"},"content":{"rendered":"\n<figure class=\"wp-block-image aligncenter size-full is-resized\"><img fetchpriority=\"high\" decoding=\"async\" width=\"440\" height=\"279\" src=\"https:\/\/elmercuriomanta.ec\/wp-content\/uploads\/2024\/09\/image-51.png\" alt=\"\" class=\"wp-image-27361\" style=\"width:352px;height:auto\" srcset=\"https:\/\/elmercuriomanta.ec\/wp-content\/uploads\/2024\/09\/image-51.png 440w, https:\/\/elmercuriomanta.ec\/wp-content\/uploads\/2024\/09\/image-51-300x190.png 300w\" sizes=\"(max-width: 440px) 100vw, 440px\" \/><\/figure>\n\n\n\n<p>El l\u00edder de la Revoluci\u00f3n Ciudadana y expresidente, Rafael Correa, reaccion\u00f3 ante la destituci\u00f3n de los cuatro consejeros de Participaci\u00f3n Ciudadana recientemente hallados responsables de una infracci\u00f3n electoral muy grave por haber recibido apoyo de su organizaci\u00f3n pol\u00edtica, en 2023.<\/p>\n\n\n\n<p>&nbsp;La sentencia del juez y expresidente del Contencioso Electoral, Fernando Mu\u00f1oz, se conoci\u00f3 el 3 de septiembre de 2024. Resolvi\u00f3 la destituci\u00f3n, multa monetaria y suspensi\u00f3n de derechos pol\u00edticos de Augusto Verduga, Yadira Saltos, Eduardo Franco Loor y Vielka P\u00e1rraga.<\/p>\n\n\n\n<p>&nbsp;Todos, seg\u00fan la sentencia del juez Mu\u00f1oz, fueron hallados responsables de haber cometido una infracci\u00f3n electoral muy grave por haber recibido apoyo partidista durante la campa\u00f1a de 2023, espec\u00edficamente del movimiento Revoluci\u00f3n Ciudadana, liderada por Correa.<\/p>\n\n\n\n<p>&nbsp;\u201cYo puedo pedir el voto por quien me d\u00e9 la gana. Es mi derecho y, por \u00faltimo, la responsabilidad es solo m\u00eda\u201d, reaccion\u00f3 el expresidente en su cuenta de X, donde se\u00f1ala que \u00e9l no fue el \u00fanico en haber promocionado nombres de candidatos al Consejo de Participaci\u00f3n Ciudadana en 2023.<\/p>\n\n\n\n<p>&nbsp;En otra publicaci\u00f3n, Correa sostiene que otros consejeros de Participaci\u00f3n Ciudadana tambi\u00e9n deber\u00edan ser sancionados por haber sido promocionados por el l\u00edder del Partido Social Cristiano (PSC), Jaime Nebot, entre otros actores pol\u00edticos.&nbsp;<\/p>\n\n\n\n<p>La Liga Azul apelar\u00e1 la sentencia del Contencioso Electoral La sentencia del juez Fernando Mu\u00f1oz que responsabiliza a los cuatro consejeros de la Liga Azul en el CPCCS es de primera instancia, por lo que los ahora se\u00f1alados podr\u00e1n presentar una apelaci\u00f3n.&nbsp;<\/p>\n\n\n\n<p>Al menos Augusto Verduga ya anunci\u00f3 que apelar\u00e1 el fallo. En la apelaci\u00f3n de la sentencia de primera instancia, ser\u00e1 el Pleno del Tribunal Contencioso Electoral (TCE) el que conozca el recurso y resuelva. En dicha instancia, Mu\u00f1oz deber\u00e1 abstenerse de votar.<\/p>\n\n\n\n<p>&nbsp;Por otra parte, el presidente del CPCCS, Andr\u00e9s Fantoni, sostuvo antes de la sesi\u00f3n ordinaria del Pleno de este 4 de septiembre de 2024 que la entidad a\u00fan no ha sido notificada del fallo del TCE.<\/p>\n","protected":false},"excerpt":{"rendered":"<p>El l\u00edder de la Revoluci\u00f3n Ciudadana y expresidente, Rafael Correa, reaccion\u00f3 ante la destituci\u00f3n de los cuatro consejeros de Participaci\u00f3n Ciudadana recientemente hallados responsables de una infracci\u00f3n electoral muy grave por haber recibido apoyo de su organizaci\u00f3n pol\u00edtica, en 2023.<\/p>\n","protected":false},"author":1,"featured_media":27361,"comment_status":"open","ping_status":"open","sticky":false,"template":"","format":"standard","meta":{"footnotes":""},"categories":[54,20],"tags":[23],"class_list":["post-27360","post","type-post","status-publish","format-standard","has-post-thumbnail","hentry","category-politica","category-portada-2","tag-ecuador"],"_links":{"self":[{"href":"https:\/\/elmercuriomanta.ec\/index.php\/wp-json\/wp\/v2\/posts\/27360","targetHints":{"allow":["GET"]}}],"collection":[{"href":"https:\/\/elmercuriomanta.ec\/index.php\/wp-json\/wp\/v2\/posts"}],"about":[{"href":"https:\/\/elmercuriomanta.ec\/index.php\/wp-json\/wp\/v2\/types\/post"}],"author":[{"embeddable":true,"href":"https:\/\/elmercuriomanta.ec\/index.php\/wp-json\/wp\/v2\/users\/1"}],"replies":[{"embeddable":true,"href":"https:\/\/elmercuriomanta.ec\/index.php\/wp-json\/wp\/v2\/comments?post=27360"}],"version-history":[{"count":1,"href":"https:\/\/elmercuriomanta.ec\/index.php\/wp-json\/wp\/v2\/posts\/27360\/revisions"}],"predecessor-version":[{"id":27362,"href":"https:\/\/elmercuriomanta.ec\/index.php\/wp-json\/wp\/v2\/posts\/27360\/revisions\/27362"}],"wp:featuredmedia":[{"embeddable":true,"href":"https:\/\/elmercuriomanta.ec\/index.php\/wp-json\/wp\/v2\/media\/27361"}],"wp:attachment":[{"href":"https:\/\/elmercuriomanta.ec\/index.php\/wp-json\/wp\/v2\/media?parent=27360"}],"wp:term":[{"taxonomy":"category","embeddable":true,"href":"https:\/\/elmercuriomanta.ec\/index.php\/wp-json\/wp\/v2\/categories?post=27360"},{"taxonomy":"post_tag","embeddable":true,"href":"https:\/\/elmercuriomanta.ec\/index.php\/wp-json\/wp\/v2\/tags?post=27360"}],"curies":[{"name":"wp","href":"https:\/\/api.w.org\/{rel}","templated":true}]}}