{"id":27319,"date":"2024-09-04T11:37:14","date_gmt":"2024-09-04T16:37:14","guid":{"rendered":"https:\/\/elmercuriomanta.ec\/?p=27319"},"modified":"2024-09-04T11:37:17","modified_gmt":"2024-09-04T16:37:17","slug":"supremo-de-brasil-confirma-suspension-de-x","status":"publish","type":"post","link":"https:\/\/elmercuriomanta.ec\/index.php\/2024\/09\/04\/supremo-de-brasil-confirma-suspension-de-x\/","title":{"rendered":"Supremo de Brasil confirma suspensi\u00f3n de X"},"content":{"rendered":"\n<figure class=\"wp-block-image aligncenter size-large is-resized\"><img fetchpriority=\"high\" decoding=\"async\" width=\"1024\" height=\"683\" src=\"https:\/\/elmercuriomanta.ec\/wp-content\/uploads\/2024\/09\/image-49-1024x683.png\" alt=\"\" class=\"wp-image-27320\" style=\"width:343px;height:auto\" srcset=\"https:\/\/elmercuriomanta.ec\/wp-content\/uploads\/2024\/09\/image-49-1024x683.png 1024w, https:\/\/elmercuriomanta.ec\/wp-content\/uploads\/2024\/09\/image-49-300x200.png 300w, https:\/\/elmercuriomanta.ec\/wp-content\/uploads\/2024\/09\/image-49-768x512.png 768w, https:\/\/elmercuriomanta.ec\/wp-content\/uploads\/2024\/09\/image-49-1536x1024.png 1536w, https:\/\/elmercuriomanta.ec\/wp-content\/uploads\/2024\/09\/image-49.png 1920w\" sizes=\"(max-width: 1024px) 100vw, 1024px\" \/><\/figure>\n\n\n\n<p>La primera sala de la Corte Suprema de Brasil ratific\u00f3 este lunes por unanimidad la decisi\u00f3n cautelar que suspendi\u00f3 los servicios de la red social X en el pa\u00eds debido a reiterados desacatos del magnate Elon Musk a diversas sentencias de ese tribunal.<\/p>\n\n\n\n<p>&nbsp;Los cinco magistrados que componen la sala se pronunciaron de forma virtual a favor de la suspensi\u00f3n de X, que entr\u00f3 en vigor gradualmente desde la madrugada del pasado 31 de agosto de 2024 y se mantendr\u00e1 hasta que la red social cumpla \u00abtodas\u00bb las decisiones de la corte, que \u00abvalen para todas las empresas que operan en Brasil\u00bb, seg\u00fan la sentencia.&nbsp;<\/p>\n\n\n\n<p>El primer voto fue del instructor del caso, Alexandre de Moraes, a quien Musk califica de \u00abdictador\u00bb e insulta desde hace meses en la propia X, despu\u00e9s de que orden\u00f3 suspender decenas de perfiles en esa plataforma, en el marco de un proceso sobre una masiva difusi\u00f3n de noticias falsas y ataques a la democracia y sus instituciones.<\/p>\n","protected":false},"excerpt":{"rendered":"<p>La primera sala de la Corte Suprema de Brasil ratific\u00f3 este lunes por unanimidad la decisi\u00f3n cautelar que suspendi\u00f3 los servicios de la red social X en el pa\u00eds debido a reiterados desacatos del magnate Elon Musk a diversas sentencias de ese tribunal.<\/p>\n","protected":false},"author":1,"featured_media":27320,"comment_status":"open","ping_status":"open","sticky":false,"template":"","format":"standard","meta":{"footnotes":""},"categories":[8],"tags":[42],"class_list":["post-27319","post","type-post","status-publish","format-standard","has-post-thumbnail","hentry","category-internacional","tag-internacional"],"_links":{"self":[{"href":"https:\/\/elmercuriomanta.ec\/index.php\/wp-json\/wp\/v2\/posts\/27319","targetHints":{"allow":["GET"]}}],"collection":[{"href":"https:\/\/elmercuriomanta.ec\/index.php\/wp-json\/wp\/v2\/posts"}],"about":[{"href":"https:\/\/elmercuriomanta.ec\/index.php\/wp-json\/wp\/v2\/types\/post"}],"author":[{"embeddable":true,"href":"https:\/\/elmercuriomanta.ec\/index.php\/wp-json\/wp\/v2\/users\/1"}],"replies":[{"embeddable":true,"href":"https:\/\/elmercuriomanta.ec\/index.php\/wp-json\/wp\/v2\/comments?post=27319"}],"version-history":[{"count":1,"href":"https:\/\/elmercuriomanta.ec\/index.php\/wp-json\/wp\/v2\/posts\/27319\/revisions"}],"predecessor-version":[{"id":27321,"href":"https:\/\/elmercuriomanta.ec\/index.php\/wp-json\/wp\/v2\/posts\/27319\/revisions\/27321"}],"wp:featuredmedia":[{"embeddable":true,"href":"https:\/\/elmercuriomanta.ec\/index.php\/wp-json\/wp\/v2\/media\/27320"}],"wp:attachment":[{"href":"https:\/\/elmercuriomanta.ec\/index.php\/wp-json\/wp\/v2\/media?parent=27319"}],"wp:term":[{"taxonomy":"category","embeddable":true,"href":"https:\/\/elmercuriomanta.ec\/index.php\/wp-json\/wp\/v2\/categories?post=27319"},{"taxonomy":"post_tag","embeddable":true,"href":"https:\/\/elmercuriomanta.ec\/index.php\/wp-json\/wp\/v2\/tags?post=27319"}],"curies":[{"name":"wp","href":"https:\/\/api.w.org\/{rel}","templated":true}]}}