{"id":27310,"date":"2024-09-04T11:24:27","date_gmt":"2024-09-04T16:24:27","guid":{"rendered":"https:\/\/elmercuriomanta.ec\/?p=27310"},"modified":"2024-09-04T11:24:30","modified_gmt":"2024-09-04T16:24:30","slug":"inauguran-el-centro-de-atencion-integral-de-la-uleam-en-chone","status":"publish","type":"post","link":"https:\/\/elmercuriomanta.ec\/index.php\/2024\/09\/04\/inauguran-el-centro-de-atencion-integral-de-la-uleam-en-chone\/","title":{"rendered":"Inauguran el centro de atenci\u00f3n integral de la ULEAM en Chone"},"content":{"rendered":"\n<figure class=\"wp-block-image aligncenter size-full is-resized\"><img fetchpriority=\"high\" decoding=\"async\" width=\"720\" height=\"540\" src=\"https:\/\/elmercuriomanta.ec\/wp-content\/uploads\/2024\/09\/image-47.png\" alt=\"\" class=\"wp-image-27311\" style=\"width:260px;height:auto\" srcset=\"https:\/\/elmercuriomanta.ec\/wp-content\/uploads\/2024\/09\/image-47.png 720w, https:\/\/elmercuriomanta.ec\/wp-content\/uploads\/2024\/09\/image-47-300x225.png 300w\" sizes=\"(max-width: 720px) 100vw, 720px\" \/><\/figure>\n\n\n\n<p>Este 3 de septiembre, la Universidad Laica Eloy Alfaro de Manab\u00ed (ULEAM) inaugur\u00f3 su nuevo Centro de Atenci\u00f3n Integral en su extensi\u00f3n de Chone, con el prop\u00f3sito de ofrecer servicios de salud gratuitos a la comunidad.<\/p>\n\n\n\n<p>&nbsp;La ceremonia de apertura fue liderada por el rector de la ULEAM, Marcos Zambrano, junto con Yenny Zambrano, decana de la extensi\u00f3n en Chone. El centro ofrecer\u00e1 una variedad de servicios m\u00e9dicos en \u00e1reas como medicina general, enfermer\u00eda, odontolog\u00eda, psicolog\u00eda, ginecolog\u00eda, cardiolog\u00eda y fisioterapia.<\/p>\n\n\n\n<p>&nbsp;Este nuevo centro se encuentra ubicado en el barrio Los Naranjos 1, en el edificio que anteriormente albergaba el Hospital Napole\u00f3n D\u00e1vila C\u00f3rdoba. La comunidad podr\u00e1 acceder a estos servicios esenciales, consolidando as\u00ed el compromiso de la ULEAM con el bienestar y la salud de la poblaci\u00f3n chonense.<\/p>\n","protected":false},"excerpt":{"rendered":"<p>Este 3 de septiembre, la Universidad Laica Eloy Alfaro de Manab\u00ed (ULEAM) inaugur\u00f3 su nuevo Centro de Atenci\u00f3n Integral en su extensi\u00f3n de Chone, con el prop\u00f3sito de ofrecer servicios de salud gratuitos a la comunidad.<\/p>\n","protected":false},"author":1,"featured_media":27311,"comment_status":"open","ping_status":"open","sticky":false,"template":"","format":"standard","meta":{"footnotes":""},"categories":[83,1],"tags":[23,29],"class_list":["post-27310","post","type-post","status-publish","format-standard","has-post-thumbnail","hentry","category-sucesos","category-uncategorized","tag-ecuador","tag-manabi"],"_links":{"self":[{"href":"https:\/\/elmercuriomanta.ec\/index.php\/wp-json\/wp\/v2\/posts\/27310","targetHints":{"allow":["GET"]}}],"collection":[{"href":"https:\/\/elmercuriomanta.ec\/index.php\/wp-json\/wp\/v2\/posts"}],"about":[{"href":"https:\/\/elmercuriomanta.ec\/index.php\/wp-json\/wp\/v2\/types\/post"}],"author":[{"embeddable":true,"href":"https:\/\/elmercuriomanta.ec\/index.php\/wp-json\/wp\/v2\/users\/1"}],"replies":[{"embeddable":true,"href":"https:\/\/elmercuriomanta.ec\/index.php\/wp-json\/wp\/v2\/comments?post=27310"}],"version-history":[{"count":1,"href":"https:\/\/elmercuriomanta.ec\/index.php\/wp-json\/wp\/v2\/posts\/27310\/revisions"}],"predecessor-version":[{"id":27312,"href":"https:\/\/elmercuriomanta.ec\/index.php\/wp-json\/wp\/v2\/posts\/27310\/revisions\/27312"}],"wp:featuredmedia":[{"embeddable":true,"href":"https:\/\/elmercuriomanta.ec\/index.php\/wp-json\/wp\/v2\/media\/27311"}],"wp:attachment":[{"href":"https:\/\/elmercuriomanta.ec\/index.php\/wp-json\/wp\/v2\/media?parent=27310"}],"wp:term":[{"taxonomy":"category","embeddable":true,"href":"https:\/\/elmercuriomanta.ec\/index.php\/wp-json\/wp\/v2\/categories?post=27310"},{"taxonomy":"post_tag","embeddable":true,"href":"https:\/\/elmercuriomanta.ec\/index.php\/wp-json\/wp\/v2\/tags?post=27310"}],"curies":[{"name":"wp","href":"https:\/\/api.w.org\/{rel}","templated":true}]}}