{"id":27255,"date":"2024-09-03T14:27:57","date_gmt":"2024-09-03T19:27:57","guid":{"rendered":"https:\/\/elmercuriomanta.ec\/?p=27255"},"modified":"2024-09-03T14:27:59","modified_gmt":"2024-09-03T19:27:59","slug":"eduardo-franco-exabogado-de-jorge-glas-es-el-vocal-suplente-del-consejo-de-participacion","status":"publish","type":"post","link":"https:\/\/elmercuriomanta.ec\/index.php\/2024\/09\/03\/eduardo-franco-exabogado-de-jorge-glas-es-el-vocal-suplente-del-consejo-de-participacion\/","title":{"rendered":"Eduardo Franco, exabogado de Jorge Glas es el vocal suplente del Consejo de Participaci\u00f3n"},"content":{"rendered":"\n<figure class=\"wp-block-image aligncenter size-full is-resized\"><img fetchpriority=\"high\" decoding=\"async\" width=\"645\" height=\"360\" src=\"https:\/\/elmercuriomanta.ec\/wp-content\/uploads\/2024\/09\/image-35.png\" alt=\"\" class=\"wp-image-27256\" style=\"width:203px;height:auto\" srcset=\"https:\/\/elmercuriomanta.ec\/wp-content\/uploads\/2024\/09\/image-35.png 645w, https:\/\/elmercuriomanta.ec\/wp-content\/uploads\/2024\/09\/image-35-300x167.png 300w\" sizes=\"(max-width: 645px) 100vw, 645px\" \/><\/figure>\n\n\n\n<p>Este martes, La Asamblea Nacional posesion\u00f3 a Eduardo Franco Loor como vocal suplente del Consejo de Participaci\u00f3n Ciudadana y Control Social (CPCCS).<\/p>\n\n\n\n<p>Hace cinco meses Franco Loor envi\u00f3 una carta excus\u00e1ndose de asistir ante el Pleno para asumir el cargo, argumentando compromisos previos adquiridos.<\/p>\n\n\n\n<p>\u00c9l ha sido abogado del exvicepresidente Jorge Glas, quien est\u00e1 en prisi\u00f3n en La Roca en Guayaquil.\u00a0\u00a0Se lo relaciona con el movimiento Revoluci\u00f3n Ciudadana, y tiene una denuncia en su contra en el Tribunal Contencioso Electoral (TCE) por supuesta infracci\u00f3n electoral.<\/p>\n\n\n\n<p>Adem\u00e1s, estaba participando para la renovaci\u00f3n parcial del Consejo Nacional Electoral (CNE).<br>Por su parte, El exconsejero del CPCCS, David Rosero, reclamaba que deb\u00eda ser posesionado como suplente, porque en las elecciones sac\u00f3 m\u00e1s votos que Ayerve. Sin embargo, Henry Kronfle, ley\u00f3 el certificado del Ministerio de Trabajo que indica que Rosero tiene impedimento de ejercer cargo p\u00fablico, porque fue destituido en enero de 2023 por la Corte Constitucional.<br><br><br><\/p>\n","protected":false},"excerpt":{"rendered":"<p>Este martes, La Asamblea Nacional posesion\u00f3 a Eduardo Franco Loor como vocal suplente del Consejo de Participaci\u00f3n Ciudadana y Control Social (CPCCS).<\/p>\n","protected":false},"author":1,"featured_media":27256,"comment_status":"open","ping_status":"open","sticky":false,"template":"","format":"standard","meta":{"footnotes":""},"categories":[1],"tags":[],"class_list":["post-27255","post","type-post","status-publish","format-standard","has-post-thumbnail","hentry","category-uncategorized"],"_links":{"self":[{"href":"https:\/\/elmercuriomanta.ec\/index.php\/wp-json\/wp\/v2\/posts\/27255","targetHints":{"allow":["GET"]}}],"collection":[{"href":"https:\/\/elmercuriomanta.ec\/index.php\/wp-json\/wp\/v2\/posts"}],"about":[{"href":"https:\/\/elmercuriomanta.ec\/index.php\/wp-json\/wp\/v2\/types\/post"}],"author":[{"embeddable":true,"href":"https:\/\/elmercuriomanta.ec\/index.php\/wp-json\/wp\/v2\/users\/1"}],"replies":[{"embeddable":true,"href":"https:\/\/elmercuriomanta.ec\/index.php\/wp-json\/wp\/v2\/comments?post=27255"}],"version-history":[{"count":2,"href":"https:\/\/elmercuriomanta.ec\/index.php\/wp-json\/wp\/v2\/posts\/27255\/revisions"}],"predecessor-version":[{"id":27258,"href":"https:\/\/elmercuriomanta.ec\/index.php\/wp-json\/wp\/v2\/posts\/27255\/revisions\/27258"}],"wp:featuredmedia":[{"embeddable":true,"href":"https:\/\/elmercuriomanta.ec\/index.php\/wp-json\/wp\/v2\/media\/27256"}],"wp:attachment":[{"href":"https:\/\/elmercuriomanta.ec\/index.php\/wp-json\/wp\/v2\/media?parent=27255"}],"wp:term":[{"taxonomy":"category","embeddable":true,"href":"https:\/\/elmercuriomanta.ec\/index.php\/wp-json\/wp\/v2\/categories?post=27255"},{"taxonomy":"post_tag","embeddable":true,"href":"https:\/\/elmercuriomanta.ec\/index.php\/wp-json\/wp\/v2\/tags?post=27255"}],"curies":[{"name":"wp","href":"https:\/\/api.w.org\/{rel}","templated":true}]}}