{"id":26850,"date":"2024-08-27T16:50:57","date_gmt":"2024-08-27T21:50:57","guid":{"rendered":"https:\/\/elmercuriomanta.ec\/?p=26850"},"modified":"2024-08-27T16:52:05","modified_gmt":"2024-08-27T21:52:05","slug":"aprehendidos-estarian-vinculados-a-los-choneros","status":"publish","type":"post","link":"https:\/\/elmercuriomanta.ec\/index.php\/2024\/08\/27\/aprehendidos-estarian-vinculados-a-los-choneros\/","title":{"rendered":"Aprehendidos estar\u00edan v\u00ednculados a \u00abLos Choneros"},"content":{"rendered":"\n<figure class=\"wp-block-image aligncenter size-large is-resized\"><img fetchpriority=\"high\" decoding=\"async\" width=\"1024\" height=\"572\" src=\"https:\/\/elmercuriomanta.ec\/wp-content\/uploads\/2024\/08\/WhatsApp-Image-2024-08-27-at-16.50.01-1024x572.jpeg\" alt=\"\" class=\"wp-image-26855\" style=\"width:363px;height:auto\" srcset=\"https:\/\/elmercuriomanta.ec\/wp-content\/uploads\/2024\/08\/WhatsApp-Image-2024-08-27-at-16.50.01-1024x572.jpeg 1024w, https:\/\/elmercuriomanta.ec\/wp-content\/uploads\/2024\/08\/WhatsApp-Image-2024-08-27-at-16.50.01-300x168.jpeg 300w, https:\/\/elmercuriomanta.ec\/wp-content\/uploads\/2024\/08\/WhatsApp-Image-2024-08-27-at-16.50.01-768x429.jpeg 768w, https:\/\/elmercuriomanta.ec\/wp-content\/uploads\/2024\/08\/WhatsApp-Image-2024-08-27-at-16.50.01.jpeg 1170w\" sizes=\"(max-width: 1024px) 100vw, 1024px\" \/><\/figure>\n\n\n\n<p>Tras el allamiento de un inmueble en Portoviejo, <a href=\"https:\/\/x.com\/hashtag\/Manab%C3%AD?src=hashtag_click\">Manab\u00ed<\/a> tres personas fueron aprehendidas, quienes ser\u00edan presuntos implicados en un  asesinato.<\/p>\n\n\n\n<figure class=\"wp-block-embed is-type-rich is-provider-twitter wp-block-embed-twitter\"><div class=\"wp-block-embed__wrapper\">\n<blockquote class=\"twitter-tweet\" data-width=\"550\" data-dnt=\"true\"><p lang=\"es\" dir=\"ltr\"><a href=\"https:\/\/twitter.com\/hashtag\/ATENCI%C3%93N?src=hash&amp;ref_src=twsrc%5Etfw\">#ATENCI\u00d3N<\/a> ||<br><br>TRES APREHENDIDOS POR ASESINATO, VINCULADOS A &quot;LOS CHONEROS&quot; <br><br>Mediante acciones investigativas se realiz\u00f3 una intervenci\u00f3n en un inmueble en Portoviejo, <a href=\"https:\/\/twitter.com\/hashtag\/Manab%C3%AD?src=hash&amp;ref_src=twsrc%5Etfw\">#Manab\u00ed<\/a>, donde fueron aprehendidos tres presuntos implicados con el asesinato de un ciudadano. Adem\u00e1s, dos de\u2026 <a href=\"https:\/\/t.co\/NdKKGx7SBb\">pic.twitter.com\/NdKKGx7SBb<\/a><\/p>&mdash; Polic\u00eda Ecuador (@PoliciaEcuador) <a href=\"https:\/\/twitter.com\/PoliciaEcuador\/status\/1828528920255176826?ref_src=twsrc%5Etfw\">August 27, 2024<\/a><\/blockquote><script async src=\"https:\/\/platform.twitter.com\/widgets.js\" charset=\"utf-8\"><\/script>\n<\/div><\/figure>\n\n\n\n<p>Adem\u00e1s, dos de ellos registran antecedentes penales y ser\u00edan parte del grupo criminal \u00abLos Choneros\u00bb.<\/p>\n\n\n\n<p>Se decomis\u00f3 : 1 arma de fuego, 2 terminales m\u00f3viles, 1 arma blanca y varias prendas de vestir y m\u00e1s indicios.<\/p>\n\n\n\n<p><\/p>\n\n\n\n<p><\/p>\n","protected":false},"excerpt":{"rendered":"<p>Tras allanar un inmueble en Portoviejo, Manab\u00ed tres personas fueron aprehendidas, quienes ser\u00edan presuntos implicados en un  asesinato.<\/p>\n","protected":false},"author":1,"featured_media":26855,"comment_status":"open","ping_status":"open","sticky":false,"template":"","format":"standard","meta":{"footnotes":""},"categories":[16,1],"tags":[91],"class_list":["post-26850","post","type-post","status-publish","format-standard","has-post-thumbnail","hentry","category-cronica","category-uncategorized","tag-cronica"],"_links":{"self":[{"href":"https:\/\/elmercuriomanta.ec\/index.php\/wp-json\/wp\/v2\/posts\/26850","targetHints":{"allow":["GET"]}}],"collection":[{"href":"https:\/\/elmercuriomanta.ec\/index.php\/wp-json\/wp\/v2\/posts"}],"about":[{"href":"https:\/\/elmercuriomanta.ec\/index.php\/wp-json\/wp\/v2\/types\/post"}],"author":[{"embeddable":true,"href":"https:\/\/elmercuriomanta.ec\/index.php\/wp-json\/wp\/v2\/users\/1"}],"replies":[{"embeddable":true,"href":"https:\/\/elmercuriomanta.ec\/index.php\/wp-json\/wp\/v2\/comments?post=26850"}],"version-history":[{"count":2,"href":"https:\/\/elmercuriomanta.ec\/index.php\/wp-json\/wp\/v2\/posts\/26850\/revisions"}],"predecessor-version":[{"id":26857,"href":"https:\/\/elmercuriomanta.ec\/index.php\/wp-json\/wp\/v2\/posts\/26850\/revisions\/26857"}],"wp:featuredmedia":[{"embeddable":true,"href":"https:\/\/elmercuriomanta.ec\/index.php\/wp-json\/wp\/v2\/media\/26855"}],"wp:attachment":[{"href":"https:\/\/elmercuriomanta.ec\/index.php\/wp-json\/wp\/v2\/media?parent=26850"}],"wp:term":[{"taxonomy":"category","embeddable":true,"href":"https:\/\/elmercuriomanta.ec\/index.php\/wp-json\/wp\/v2\/categories?post=26850"},{"taxonomy":"post_tag","embeddable":true,"href":"https:\/\/elmercuriomanta.ec\/index.php\/wp-json\/wp\/v2\/tags?post=26850"}],"curies":[{"name":"wp","href":"https:\/\/api.w.org\/{rel}","templated":true}]}}