{"id":26360,"date":"2024-08-17T17:39:24","date_gmt":"2024-08-17T22:39:24","guid":{"rendered":"https:\/\/elmercuriomanta.ec\/?p=26360"},"modified":"2024-08-17T17:39:27","modified_gmt":"2024-08-17T22:39:27","slug":"se-firma-el-contrato-para-las-vias-del-bicentenario","status":"publish","type":"post","link":"https:\/\/elmercuriomanta.ec\/index.php\/2024\/08\/17\/se-firma-el-contrato-para-las-vias-del-bicentenario\/","title":{"rendered":"Se Firma el Contrato para las V\u00edas del Bicentenario"},"content":{"rendered":"\n<figure class=\"wp-block-image aligncenter size-large is-resized\"><img fetchpriority=\"high\" decoding=\"async\" width=\"1024\" height=\"682\" src=\"https:\/\/elmercuriomanta.ec\/wp-content\/uploads\/2024\/08\/image-180-1024x682.png\" alt=\"\" class=\"wp-image-26361\" style=\"width:400px;height:auto\" srcset=\"https:\/\/elmercuriomanta.ec\/wp-content\/uploads\/2024\/08\/image-180-1024x682.png 1024w, https:\/\/elmercuriomanta.ec\/wp-content\/uploads\/2024\/08\/image-180-300x200.png 300w, https:\/\/elmercuriomanta.ec\/wp-content\/uploads\/2024\/08\/image-180-768x512.png 768w, https:\/\/elmercuriomanta.ec\/wp-content\/uploads\/2024\/08\/image-180.png 1081w\" sizes=\"(max-width: 1024px) 100vw, 1024px\" \/><\/figure>\n\n\n\n<p>En un momento hist\u00f3rico para la provincia de Manab\u00ed, se ha concretado la firma simb\u00f3lica del contrato para la ejecuci\u00f3n de las V\u00edas del Bicentenario, un ambicioso proyecto vial que transformar\u00e1 la infraestructura de la regi\u00f3n, inform\u00f3 la Prefectura. Este logro ha sido posible gracias al cr\u00e9dito aprobado por el Banco de Desarrollo de Am\u00e9rica Latina y el Caribe (CAF), lo que permitir\u00e1 llevar a cabo tres importantes obras que mejorar\u00e1n la conectividad y la calidad de vida de miles de manabitas. Los proyectos contemplados en este contrato incluyen:<\/p>\n\n\n\n<p>V\u00eda Calceta \u2013 Quiroga \u2013 El Desv\u00edo (Bol\u00edvar \u2013 Pichincha): Esta obra facilitar\u00e1 el tr\u00e1nsito y acortar\u00e1 distancias en una de las zonas m\u00e1s productivas de la provincia. V\u00eda Ayacucho La Uni\u00f3n \u2013 San Pablo de Pueblo Nuevo \u2013 San Juan de las Cucarachas \u2013 Agua Fr\u00eda \u2013 l\u00edmite provincial con Guayas (Santa Ana): Con este proyecto, se fortalecer\u00e1 la comunicaci\u00f3n entre comunidades rurales, impulsando el desarrollo econ\u00f3mico y social de la regi\u00f3n. V\u00eda Col\u00f3n \u2013 Quim\u00eds (Portoviejo \u2013 Jipijapa): Esta v\u00eda estrat\u00e9gica mejorar\u00e1 el acceso entre dos importantes ciudades manabitas, dinamizando el comercio y el turismo. Este avance marca un antes y un despu\u00e9s en la historia de Manab\u00ed, garantizando una infraestructura vial moderna y eficiente, clave para el desarrollo sostenible de la provincia.<\/p>\n","protected":false},"excerpt":{"rendered":"<p>En un momento hist\u00f3rico para la provincia de Manab\u00ed, se ha concretado la firma simb\u00f3lica del contrato para la ejecuci\u00f3n de las V\u00edas del Bicentenario, un ambicioso proyecto vial que transformar\u00e1 la infraestructura de la regi\u00f3n, inform\u00f3 la Prefectura. Este logro ha sido posible gracias al cr\u00e9dito aprobado por el Banco de Desarrollo de Am\u00e9rica Latina y el Caribe (CAF), lo que permitir\u00e1 llevar a cabo tres importantes obras que mejorar\u00e1n la conectividad y la calidad de vida de miles de manabitas. Los proyectos contemplados en este contrato incluyen:<\/p>\n<p>V\u00eda Calceta \u2013 Quiroga \u2013 El Desv\u00edo (Bol\u00edvar \u2013 Pichincha): Esta obra facilitar\u00e1 el tr\u00e1nsito y acortar\u00e1 distancias en una de las zonas m\u00e1s productivas de la provincia. V\u00eda Ayacucho La Uni\u00f3n \u2013 San Pablo de Pueblo Nuevo \u2013 San Juan de las Cucarachas \u2013 Agua Fr\u00eda \u2013 l\u00edmite provincial con Guayas (Santa Ana): Con este proyecto, se fortalecer\u00e1 la comunicaci\u00f3n entre comunidades rurales, impulsando el desarrollo econ\u00f3mico y social de la regi\u00f3n. V\u00eda Col\u00f3n \u2013 Quim\u00eds (Portoviejo \u2013 Jipijapa): Esta v\u00eda estrat\u00e9gica mejorar\u00e1 el acceso entre dos importantes ciudades manabitas, dinamizando el comercio y el turismo. Este avance marca un antes y un despu\u00e9s en la historia de Manab\u00ed, garantizando una infraestructura vial moderna y eficiente, clave para el desarrollo sostenible de la provincia.<\/p>\n","protected":false},"author":1,"featured_media":26361,"comment_status":"open","ping_status":"open","sticky":false,"template":"","format":"standard","meta":{"footnotes":""},"categories":[1],"tags":[29],"class_list":["post-26360","post","type-post","status-publish","format-standard","has-post-thumbnail","hentry","category-uncategorized","tag-manabi"],"_links":{"self":[{"href":"https:\/\/elmercuriomanta.ec\/index.php\/wp-json\/wp\/v2\/posts\/26360","targetHints":{"allow":["GET"]}}],"collection":[{"href":"https:\/\/elmercuriomanta.ec\/index.php\/wp-json\/wp\/v2\/posts"}],"about":[{"href":"https:\/\/elmercuriomanta.ec\/index.php\/wp-json\/wp\/v2\/types\/post"}],"author":[{"embeddable":true,"href":"https:\/\/elmercuriomanta.ec\/index.php\/wp-json\/wp\/v2\/users\/1"}],"replies":[{"embeddable":true,"href":"https:\/\/elmercuriomanta.ec\/index.php\/wp-json\/wp\/v2\/comments?post=26360"}],"version-history":[{"count":1,"href":"https:\/\/elmercuriomanta.ec\/index.php\/wp-json\/wp\/v2\/posts\/26360\/revisions"}],"predecessor-version":[{"id":26362,"href":"https:\/\/elmercuriomanta.ec\/index.php\/wp-json\/wp\/v2\/posts\/26360\/revisions\/26362"}],"wp:featuredmedia":[{"embeddable":true,"href":"https:\/\/elmercuriomanta.ec\/index.php\/wp-json\/wp\/v2\/media\/26361"}],"wp:attachment":[{"href":"https:\/\/elmercuriomanta.ec\/index.php\/wp-json\/wp\/v2\/media?parent=26360"}],"wp:term":[{"taxonomy":"category","embeddable":true,"href":"https:\/\/elmercuriomanta.ec\/index.php\/wp-json\/wp\/v2\/categories?post=26360"},{"taxonomy":"post_tag","embeddable":true,"href":"https:\/\/elmercuriomanta.ec\/index.php\/wp-json\/wp\/v2\/tags?post=26360"}],"curies":[{"name":"wp","href":"https:\/\/api.w.org\/{rel}","templated":true}]}}