{"id":26087,"date":"2024-08-12T14:27:33","date_gmt":"2024-08-12T19:27:33","guid":{"rendered":"https:\/\/elmercuriomanta.ec\/?p=26087"},"modified":"2024-08-12T14:27:38","modified_gmt":"2024-08-12T19:27:38","slug":"75-anos-de-magia","status":"publish","type":"post","link":"https:\/\/elmercuriomanta.ec\/index.php\/2024\/08\/12\/75-anos-de-magia\/","title":{"rendered":"\u00a175 a\u00f1os de magia!"},"content":{"rendered":"\n<figure class=\"wp-block-image aligncenter size-large is-resized\"><img fetchpriority=\"high\" decoding=\"async\" width=\"569\" height=\"1024\" src=\"https:\/\/elmercuriomanta.ec\/wp-content\/uploads\/2024\/08\/WhatsApp-Image-2024-08-12-at-11.56.10-569x1024.jpeg\" alt=\"\" class=\"wp-image-26090\" style=\"width:220px;height:auto\" srcset=\"https:\/\/elmercuriomanta.ec\/wp-content\/uploads\/2024\/08\/WhatsApp-Image-2024-08-12-at-11.56.10-569x1024.jpeg 569w, https:\/\/elmercuriomanta.ec\/wp-content\/uploads\/2024\/08\/WhatsApp-Image-2024-08-12-at-11.56.10-167x300.jpeg 167w, https:\/\/elmercuriomanta.ec\/wp-content\/uploads\/2024\/08\/WhatsApp-Image-2024-08-12-at-11.56.10.jpeg 711w\" sizes=\"(max-width: 569px) 100vw, 569px\" \/><\/figure>\n\n\n\n<p><strong>Con gran orgullo y entusiasmo se celebraron los 75 a\u00f1os de vida e historia de la m\u00e1gica parroquia San Lorenzo, este s\u00e1bado.<\/strong><\/p>\n\n\n\n<p><strong>&nbsp;La jornada c\u00edvica empez\u00f3 con un colorido desfile, con el paso de instituciones y unidades educativas junto a sus guap\u00edsimas bastoneras y bandas musicales, que encendieron las calles de la parroquia al ritmo de los tambores.&nbsp;<\/strong><\/p>\n\n\n\n<p><strong>Luego hubo la sesi\u00f3n solemne. All\u00ed se entregaron m\u00e9ritos y reconocimientos para su gente valiente y luchadora. \u201cLoor a San Lorenzo, a los sue\u00f1os, la lucha de su gente y, sobre todo, a la determinaci\u00f3n de salir adelante. Hoy es importante para nuestra gente contar con el respaldo de la alcald\u00eda\u201d, dijo Eduardo Mendoza, vocal del GAD Parroquial.<\/strong><\/p>\n","protected":false},"excerpt":{"rendered":"<p>Con gran orgullo y entusiasmo se celebraron los 75 a\u00f1os de vida e historia de la m\u00e1gica parroquia San Lorenzo, este s\u00e1bado.<\/p>\n","protected":false},"author":1,"featured_media":26090,"comment_status":"open","ping_status":"open","sticky":false,"template":"","format":"standard","meta":{"footnotes":""},"categories":[21,83,1],"tags":[23],"class_list":["post-26087","post","type-post","status-publish","format-standard","has-post-thumbnail","hentry","category-noticia-del-dia","category-sucesos","category-uncategorized","tag-ecuador"],"_links":{"self":[{"href":"https:\/\/elmercuriomanta.ec\/index.php\/wp-json\/wp\/v2\/posts\/26087","targetHints":{"allow":["GET"]}}],"collection":[{"href":"https:\/\/elmercuriomanta.ec\/index.php\/wp-json\/wp\/v2\/posts"}],"about":[{"href":"https:\/\/elmercuriomanta.ec\/index.php\/wp-json\/wp\/v2\/types\/post"}],"author":[{"embeddable":true,"href":"https:\/\/elmercuriomanta.ec\/index.php\/wp-json\/wp\/v2\/users\/1"}],"replies":[{"embeddable":true,"href":"https:\/\/elmercuriomanta.ec\/index.php\/wp-json\/wp\/v2\/comments?post=26087"}],"version-history":[{"count":1,"href":"https:\/\/elmercuriomanta.ec\/index.php\/wp-json\/wp\/v2\/posts\/26087\/revisions"}],"predecessor-version":[{"id":26091,"href":"https:\/\/elmercuriomanta.ec\/index.php\/wp-json\/wp\/v2\/posts\/26087\/revisions\/26091"}],"wp:featuredmedia":[{"embeddable":true,"href":"https:\/\/elmercuriomanta.ec\/index.php\/wp-json\/wp\/v2\/media\/26090"}],"wp:attachment":[{"href":"https:\/\/elmercuriomanta.ec\/index.php\/wp-json\/wp\/v2\/media?parent=26087"}],"wp:term":[{"taxonomy":"category","embeddable":true,"href":"https:\/\/elmercuriomanta.ec\/index.php\/wp-json\/wp\/v2\/categories?post=26087"},{"taxonomy":"post_tag","embeddable":true,"href":"https:\/\/elmercuriomanta.ec\/index.php\/wp-json\/wp\/v2\/tags?post=26087"}],"curies":[{"name":"wp","href":"https:\/\/api.w.org\/{rel}","templated":true}]}}