{"id":26052,"date":"2024-08-11T11:40:28","date_gmt":"2024-08-11T16:40:28","guid":{"rendered":"https:\/\/elmercuriomanta.ec\/?p=26052"},"modified":"2024-08-11T11:40:30","modified_gmt":"2024-08-11T16:40:30","slug":"150-mil-personas-visitaron-el-centro-historico-para-disfrutar-el-festival-de-mapping-quito-luz-de-america","status":"publish","type":"post","link":"https:\/\/elmercuriomanta.ec\/index.php\/2024\/08\/11\/150-mil-personas-visitaron-el-centro-historico-para-disfrutar-el-festival-de-mapping-quito-luz-de-america\/","title":{"rendered":"150 Mil Personas Visitaron el Centro Hist\u00f3rico para Disfrutar el Festival de Mapping Quito Luz de Am\u00e9rica"},"content":{"rendered":"\n<figure class=\"wp-block-image aligncenter size-full is-resized\"><img fetchpriority=\"high\" decoding=\"async\" width=\"270\" height=\"187\" src=\"https:\/\/elmercuriomanta.ec\/wp-content\/uploads\/2024\/08\/image-124.png\" alt=\"\" class=\"wp-image-26053\" style=\"width:362px;height:auto\"\/><\/figure>\n\n\n\n<p>En la segunda noche del festival Quito Luz de Am\u00e9rica, que se desarroll\u00f3 en el Centro Hist\u00f3rico, llegaron alrededor de 100 mil asistentes. En la primera jornada del evento hubo aproximadamente 50 mil personas que disfrutaron de las proyecciones de mapping, luces inmersivas y m\u00e1s representaciones art\u00edsticas. Este s\u00e1bado 10 de agosto es el \u00faltimo d\u00eda del festival, que rinde homenaje al origen del proceso libertario en la regi\u00f3n, con el Primer Grito de Independencia. El segundo d\u00eda de este evento, que es parte de las programaciones municipales \u2018Verano de las Artes, Cultura y Deportes\u2019, cont\u00f3 con un operativo de seguridad, cuidado e informaci\u00f3n conformado por 1 984 personas; de ellas, 1 328 de entidades municipales y 656 de instituciones nacionales, empresa privada de seguridad y param\u00e9dicos.<\/p>\n\n\n\n<p>Adem\u00e1s, el personal cont\u00f3 con 213 recursos log\u00edsticos, entre autom\u00f3viles, motocicletas, radios, vallas, drones, entre otros. Para dar garant\u00edas, se activ\u00f3 personal de Quito Turismo, Agencia Metropolitana de Tr\u00e1nsito, Cuerpo de Bomberos, Polic\u00eda Nacional, Cuerpo de Agentes de Control, Itecsur (efectivos prehospitalarios), Empresa P\u00fablica Metropolitana de Agua Potable y Saneamiento de Quito, Agencia Metropolitana de Control, Emaseo, Secretar\u00eda de Seguridad y Gesti\u00f3n de Riesgos de Quito, Empresa P\u00fablica Metropolitana de Log\u00edstica para la Seguridad y la Convivencia Ciudadana, Empresa P\u00fablica Metropolitana de Transporte de Pasajeros de Quito, Metro, Secretar\u00eda Metropolitana de Salud, brigadas ciudadanas, administraciones zonales de Calder\u00f3n, Eugenio Espejo, Manuela S\u00e1enz, Los Chillos, Quitumbe, Tumbaco, La Mariscal, Choco Andino y Eloy Alfaro.<\/p>\n","protected":false},"excerpt":{"rendered":"<p>En la segunda noche del festival Quito Luz de Am\u00e9rica, que se desarroll\u00f3 en el Centro Hist\u00f3rico, llegaron alrededor de 100 mil asistentes. En la primera jornada del evento hubo aproximadamente 50 mil personas que disfrutaron de las proyecciones de mapping, luces inmersivas y m\u00e1s representaciones art\u00edsticas. Este s\u00e1bado 10 de agosto es el \u00faltimo d\u00eda del festival, que rinde homenaje al origen del proceso libertario en la regi\u00f3n, con el Primer Grito de Independencia. El segundo d\u00eda de este evento, que es parte de las programaciones municipales \u2018Verano de las Artes, Cultura y Deportes\u2019, cont\u00f3 con un operativo de seguridad, cuidado e informaci\u00f3n conformado por 1 984 personas; de ellas, 1 328 de entidades municipales y 656 de instituciones nacionales, empresa privada de seguridad y param\u00e9dicos.<\/p>\n<p>Adem\u00e1s, el personal cont\u00f3 con 213 recursos log\u00edsticos, entre autom\u00f3viles, motocicletas, radios, vallas, drones, entre otros. Para dar garant\u00edas, se activ\u00f3 personal de Quito Turismo, Agencia Metropolitana de Tr\u00e1nsito, Cuerpo de Bomberos, Polic\u00eda Nacional, Cuerpo de Agentes de Control, Itecsur (efectivos prehospitalarios), Empresa P\u00fablica Metropolitana de Agua Potable y Saneamiento de Quito, Agencia Metropolitana de Control, Emaseo, Secretar\u00eda de Seguridad y Gesti\u00f3n de Riesgos de Quito, Empresa P\u00fablica Metropolitana de Log\u00edstica para la Seguridad y la Convivencia Ciudadana, Empresa P\u00fablica Metropolitana de Transporte de Pasajeros de Quito, Metro, Secretar\u00eda Metropolitana de Salud, brigadas ciudadanas, administraciones zonales de Calder\u00f3n, Eugenio Espejo, Manuela S\u00e1enz, Los Chillos, Quitumbe, Tumbaco, La Mariscal, Choco Andino y Eloy Alfaro.<\/p>\n","protected":false},"author":1,"featured_media":26053,"comment_status":"open","ping_status":"open","sticky":false,"template":"","format":"standard","meta":{"footnotes":""},"categories":[1],"tags":[23],"class_list":["post-26052","post","type-post","status-publish","format-standard","has-post-thumbnail","hentry","category-uncategorized","tag-ecuador"],"_links":{"self":[{"href":"https:\/\/elmercuriomanta.ec\/index.php\/wp-json\/wp\/v2\/posts\/26052","targetHints":{"allow":["GET"]}}],"collection":[{"href":"https:\/\/elmercuriomanta.ec\/index.php\/wp-json\/wp\/v2\/posts"}],"about":[{"href":"https:\/\/elmercuriomanta.ec\/index.php\/wp-json\/wp\/v2\/types\/post"}],"author":[{"embeddable":true,"href":"https:\/\/elmercuriomanta.ec\/index.php\/wp-json\/wp\/v2\/users\/1"}],"replies":[{"embeddable":true,"href":"https:\/\/elmercuriomanta.ec\/index.php\/wp-json\/wp\/v2\/comments?post=26052"}],"version-history":[{"count":1,"href":"https:\/\/elmercuriomanta.ec\/index.php\/wp-json\/wp\/v2\/posts\/26052\/revisions"}],"predecessor-version":[{"id":26054,"href":"https:\/\/elmercuriomanta.ec\/index.php\/wp-json\/wp\/v2\/posts\/26052\/revisions\/26054"}],"wp:featuredmedia":[{"embeddable":true,"href":"https:\/\/elmercuriomanta.ec\/index.php\/wp-json\/wp\/v2\/media\/26053"}],"wp:attachment":[{"href":"https:\/\/elmercuriomanta.ec\/index.php\/wp-json\/wp\/v2\/media?parent=26052"}],"wp:term":[{"taxonomy":"category","embeddable":true,"href":"https:\/\/elmercuriomanta.ec\/index.php\/wp-json\/wp\/v2\/categories?post=26052"},{"taxonomy":"post_tag","embeddable":true,"href":"https:\/\/elmercuriomanta.ec\/index.php\/wp-json\/wp\/v2\/tags?post=26052"}],"curies":[{"name":"wp","href":"https:\/\/api.w.org\/{rel}","templated":true}]}}