{"id":26046,"date":"2024-08-11T11:37:21","date_gmt":"2024-08-11T16:37:21","guid":{"rendered":"https:\/\/elmercuriomanta.ec\/?p=26046"},"modified":"2024-08-11T11:37:23","modified_gmt":"2024-08-11T16:37:23","slug":"las-lluvias-han-ayudado-a-que-baje-la-temperatura-en-la-zona-del-incendio","status":"publish","type":"post","link":"https:\/\/elmercuriomanta.ec\/index.php\/2024\/08\/11\/las-lluvias-han-ayudado-a-que-baje-la-temperatura-en-la-zona-del-incendio\/","title":{"rendered":"Las Lluvias han ayudado a que baje la temperatura en la zona del incendio"},"content":{"rendered":"\n<figure class=\"wp-block-image aligncenter size-large is-resized\"><img fetchpriority=\"high\" decoding=\"async\" width=\"1024\" height=\"575\" src=\"https:\/\/elmercuriomanta.ec\/wp-content\/uploads\/2024\/08\/image-123-1024x575.png\" alt=\"\" class=\"wp-image-26050\" style=\"width:435px;height:auto\" srcset=\"https:\/\/elmercuriomanta.ec\/wp-content\/uploads\/2024\/08\/image-123-1024x575.png 1024w, https:\/\/elmercuriomanta.ec\/wp-content\/uploads\/2024\/08\/image-123-300x169.png 300w, https:\/\/elmercuriomanta.ec\/wp-content\/uploads\/2024\/08\/image-123-768x432.png 768w, https:\/\/elmercuriomanta.ec\/wp-content\/uploads\/2024\/08\/image-123.png 1500w\" sizes=\"(max-width: 1024px) 100vw, 1024px\" \/><\/figure>\n\n\n\n<p>La lluvia que cay\u00f3 en Quito la tarde de ayer, viernes 9 de agosto de 2024, ayud\u00f3 a que baje la temperatura en la zona del volc\u00e1n Pichincha en donde se registr\u00f3 un incendio forestal desde la tarde del pasado mi\u00e9rcoles 7 del mismo mes. 100 efectivos del Cuerpo de Bomberos (CBQ) contin\u00faan trabajando en el incendio forestal de las laderas del Pichincha. Ejecuta acciones de control en diferentes flancos. El comandante de esa instituci\u00f3n, Esteban C\u00e1rdenas Varela, monitorea la emergencia desde la zona de las antenas del Pichincha.<\/p>\n\n\n\n<p>\u201cEl incendio se produjo por la ca\u00edda de un rayo, a las 17:00 del pasado mi\u00e9rcoles. Hemos desplegado personal las 24 horas para las labores de extinci\u00f3n\u201d, manifest\u00f3 el oficial. Tambi\u00e9n colaboran funcionarios de la secretar\u00edas de Ambiente y Seguridad del Municipio. El helic\u00f3ptero de las Fuerzas Armadas colabora con la emergencia e ingresa a la zona entre las 07:00 y 09:00 porque a esas horas no hay corrientes aire o vientos. El objetivo es que el fuego no avance hasta la quebrada. El Cuerpo de Bomberos defini\u00f3 tres objetivos por la emergencia:<\/p>\n\n\n\n<p>\u2022 Garantizar la seguridad del personal que atiende la emergencia.<\/p>\n\n\n\n<p>\u2022 Disminuir la velocidad de propagaci\u00f3n del fuego.<\/p>\n\n\n\n<p>\u2022 Precautelar las estructuras estrat\u00e9gicas para la ciudad.<\/p>\n","protected":false},"excerpt":{"rendered":"<p>La lluvia que cay\u00f3 en Quito la tarde de ayer, viernes 9 de agosto de 2024, ayud\u00f3 a que baje la temperatura en la zona del volc\u00e1n Pichincha en donde se registr\u00f3 un incendio forestal desde la tarde del pasado mi\u00e9rcoles 7 del mismo mes. 100 efectivos del Cuerpo de Bomberos (CBQ) contin\u00faan trabajando en el incendio forestal de las laderas del Pichincha. Ejecuta acciones de control en diferentes flancos. El comandante de esa instituci\u00f3n, Esteban C\u00e1rdenas Varela, monitorea la emergencia desde la zona de las antenas del Pichincha.<\/p>\n<p>\u201cEl incendio se produjo por la ca\u00edda de un rayo, a las 17:00 del pasado mi\u00e9rcoles. Hemos desplegado personal las 24 horas para las labores de extinci\u00f3n\u201d, manifest\u00f3 el oficial. Tambi\u00e9n colaboran funcionarios de la secretar\u00edas de Ambiente y Seguridad del Municipio. El helic\u00f3ptero de las Fuerzas Armadas colabora con la emergencia e ingresa a la zona entre las 07:00 y 09:00 porque a esas horas no hay corrientes aire o vientos. El objetivo es que el fuego no avance hasta la quebrada. El Cuerpo de Bomberos defini\u00f3 tres objetivos por la emergencia:<\/p>\n<p>\u2022 Garantizar la seguridad del personal que atiende la emergencia.<\/p>\n<p>\u2022 Disminuir la velocidad de propagaci\u00f3n del fuego.<\/p>\n<p>\u2022 Precautelar las estructuras estrat\u00e9gicas para la ciudad.<\/p>\n","protected":false},"author":1,"featured_media":26050,"comment_status":"open","ping_status":"open","sticky":false,"template":"","format":"standard","meta":{"footnotes":""},"categories":[1],"tags":[23],"class_list":["post-26046","post","type-post","status-publish","format-standard","has-post-thumbnail","hentry","category-uncategorized","tag-ecuador"],"_links":{"self":[{"href":"https:\/\/elmercuriomanta.ec\/index.php\/wp-json\/wp\/v2\/posts\/26046","targetHints":{"allow":["GET"]}}],"collection":[{"href":"https:\/\/elmercuriomanta.ec\/index.php\/wp-json\/wp\/v2\/posts"}],"about":[{"href":"https:\/\/elmercuriomanta.ec\/index.php\/wp-json\/wp\/v2\/types\/post"}],"author":[{"embeddable":true,"href":"https:\/\/elmercuriomanta.ec\/index.php\/wp-json\/wp\/v2\/users\/1"}],"replies":[{"embeddable":true,"href":"https:\/\/elmercuriomanta.ec\/index.php\/wp-json\/wp\/v2\/comments?post=26046"}],"version-history":[{"count":1,"href":"https:\/\/elmercuriomanta.ec\/index.php\/wp-json\/wp\/v2\/posts\/26046\/revisions"}],"predecessor-version":[{"id":26051,"href":"https:\/\/elmercuriomanta.ec\/index.php\/wp-json\/wp\/v2\/posts\/26046\/revisions\/26051"}],"wp:featuredmedia":[{"embeddable":true,"href":"https:\/\/elmercuriomanta.ec\/index.php\/wp-json\/wp\/v2\/media\/26050"}],"wp:attachment":[{"href":"https:\/\/elmercuriomanta.ec\/index.php\/wp-json\/wp\/v2\/media?parent=26046"}],"wp:term":[{"taxonomy":"category","embeddable":true,"href":"https:\/\/elmercuriomanta.ec\/index.php\/wp-json\/wp\/v2\/categories?post=26046"},{"taxonomy":"post_tag","embeddable":true,"href":"https:\/\/elmercuriomanta.ec\/index.php\/wp-json\/wp\/v2\/tags?post=26046"}],"curies":[{"name":"wp","href":"https:\/\/api.w.org\/{rel}","templated":true}]}}