{"id":25989,"date":"2024-08-10T14:44:26","date_gmt":"2024-08-10T19:44:26","guid":{"rendered":"https:\/\/elmercuriomanta.ec\/?p=25989"},"modified":"2024-08-10T14:44:28","modified_gmt":"2024-08-10T19:44:28","slug":"traje-tipico-que-utilizara-miss-ecuador-2024-es-de-manabi","status":"publish","type":"post","link":"https:\/\/elmercuriomanta.ec\/index.php\/2024\/08\/10\/traje-tipico-que-utilizara-miss-ecuador-2024-es-de-manabi\/","title":{"rendered":"Traje T\u00edpico que Utilizar\u00e1 Miss Ecuador 2024 es de Manab\u00ed"},"content":{"rendered":"\n<figure class=\"wp-block-image aligncenter size-full is-resized\"><img fetchpriority=\"high\" decoding=\"async\" width=\"800\" height=\"518\" src=\"https:\/\/elmercuriomanta.ec\/wp-content\/uploads\/2024\/08\/image-107.png\" alt=\"\" class=\"wp-image-25990\" style=\"width:367px;height:auto\" srcset=\"https:\/\/elmercuriomanta.ec\/wp-content\/uploads\/2024\/08\/image-107.png 800w, https:\/\/elmercuriomanta.ec\/wp-content\/uploads\/2024\/08\/image-107-300x194.png 300w, https:\/\/elmercuriomanta.ec\/wp-content\/uploads\/2024\/08\/image-107-768x497.png 768w\" sizes=\"(max-width: 800px) 100vw, 800px\" \/><\/figure>\n\n\n\n<p>La nueva Miss Ecuador 2024 cuando represente al pa\u00eds en el siguiente Miss International, lucir\u00e1 una creaci\u00f3n inspirada en las ra\u00edces manabitas. El dise\u00f1o, titulado justamente Manab\u00ed ancestral, fue el ganador como el mejor traje t\u00edpico del certamen de belleza nacional.<\/p>\n\n\n\n<p><strong>\u00bfQUI\u00c9N DISE\u00d1\u00d3 EL TRAJE? <\/strong>El vestido estuvo a cargo del dise\u00f1ador Joseph Lara y fue lucido por la candidata Marian Narv\u00e1ez, representante de Naranjito. &nbsp;La gala de elecci\u00f3n se llev\u00f3 a cabo el pasado mi\u00e9rcoles 7 de agosto en el Centro de Convenciones del Mall del R\u00edo de la ciudad de Cuenca. Como acreedor del primer lugar, Lara obtuvo 1.500 d\u00f3lares como premio. Otros dos trajes se destacaron en la ceremonia: el del dise\u00f1ador Carlos Aguilar, llamado Compendio de la esencia de la mujer interandina, que se llev\u00f3 el segundo lugar, un premio de 1.000 d\u00f3lares y una placa; el vestido Alma artesana tejiendo tradici\u00f3n, vistiendo identidad, del dise\u00f1ador Manolo Loor, consigui\u00f3 el tercer lugar, un premio de 500 d\u00f3lares y una placa. El jurado estuvo conformado por los guayaquile\u00f1os Mar\u00eda Delia Torres, Jimmy Mendoza, Marina Mora y la cuencana B\u00e1rbara Molina. La gala final del Miss Ecuador se llevar\u00e1 a cabo en Salinas el 17 de agosto.<\/p>\n\n\n\n<p>&nbsp;<strong>CU\u00c1NDO SER\u00c1 LA NOCHE FINAL DEL CERTAMEN<\/strong> Son 22 hermosas mujeres las que se disputar\u00e1n la corona de Miss Ecuador, para representar al pa\u00eds en el Miss International. La elecci\u00f3n ser\u00e1 el pr\u00f3ximo s\u00e1bado 17 de agosto, en el Salinas Golf &amp; Tenis Club. La Organizaci\u00f3n Miss Ecuador que preside Mar\u00eda del Carmen de Aguayo entreg\u00f3 las bandas a las concursantes que este a\u00f1o competir\u00e1n por el t\u00edtulo que las lleve a representar al pa\u00eds en el concurso Miss Internacional.<\/p>\n\n\n\n<p><strong>\u00bfEN QU\u00c9 SE DIFERENCIA CON EL MISS UNIVERSO ECUADOR?<\/strong> Este Miss Ecuador es totalmente diferente al Miss Universo Ecuador, cada uno es una marca y organizaci\u00f3n diferente. La Miss Universo Ecuador, es qui\u00e9n representa al pa\u00eds en el certamen internacional Miss Universe, mientras que la ganadora del Miss Ecuador, representa al pa\u00eds en el Miss International. Las candidatas al Miss Ecuador recibieron sus bandas el pasado 14 de junio y ya empezaron sus actividades, desfilando en Salinas el pasado 15 de junio y con la minga de limpieza.<\/p>\n","protected":false},"excerpt":{"rendered":"<p>La nueva Miss Ecuador 2024 cuando represente al pa\u00eds en el siguiente Miss International, lucir\u00e1 una creaci\u00f3n inspirada en las ra\u00edces manabitas. El dise\u00f1o, titulado justamente Manab\u00ed ancestral, fue el ganador como el mejor traje t\u00edpico del certamen de belleza nacional.<\/p>\n<p>\u00bfQUI\u00c9N DISE\u00d1\u00d3 EL TRAJE? El vestido estuvo a cargo del dise\u00f1ador Joseph Lara y fue lucido por la candidata Marian Narv\u00e1ez, representante de Naranjito. \u00a0La gala de elecci\u00f3n se llev\u00f3 a cabo el pasado mi\u00e9rcoles 7 de agosto en el Centro de Convenciones del Mall del R\u00edo de la ciudad de Cuenca. Como acreedor del primer lugar, Lara obtuvo 1.500 d\u00f3lares como premio. Otros dos trajes se destacaron en la ceremonia: el del dise\u00f1ador Carlos Aguilar, llamado Compendio de la esencia de la mujer interandina, que se llev\u00f3 el segundo lugar, un premio de 1.000 d\u00f3lares y una placa; el vestido Alma artesana tejiendo tradici\u00f3n, vistiendo identidad, del dise\u00f1ador Manolo Loor, consigui\u00f3 el tercer lugar, un premio de 500 d\u00f3lares y una placa. El jurado estuvo conformado por los guayaquile\u00f1os Mar\u00eda Delia Torres, Jimmy Mendoza, Marina Mora y la cuencana B\u00e1rbara Molina. La gala final del Miss Ecuador se llevar\u00e1 a cabo en Salinas el 17 de agosto.<\/p>\n<p>\u00a0CU\u00c1NDO SER\u00c1 LA NOCHE FINAL DEL CERTAMEN Son 22 hermosas mujeres las que se disputar\u00e1n la corona de Miss Ecuador, para representar al pa\u00eds en el Miss International. La elecci\u00f3n ser\u00e1 el pr\u00f3ximo s\u00e1bado 17 de agosto, en el Salinas Golf &#038; Tenis Club. La Organizaci\u00f3n Miss Ecuador que preside Mar\u00eda del Carmen de Aguayo entreg\u00f3 las bandas a las concursantes que este a\u00f1o competir\u00e1n por el t\u00edtulo que las lleve a representar al pa\u00eds en el concurso Miss Internacional.<\/p>\n<p>\u00bfEN QU\u00c9 SE DIFERENCIA CON EL MISS UNIVERSO ECUADOR? Este Miss Ecuador es totalmente diferente al Miss Universo Ecuador, cada uno es una marca y organizaci\u00f3n diferente. La Miss Universo Ecuador, es qui\u00e9n representa al pa\u00eds en el certamen internacional Miss Universe, mientras que la ganadora del Miss Ecuador, representa al pa\u00eds en el Miss International. Las candidatas al Miss Ecuador recibieron sus bandas el pasado 14 de junio y ya empezaron sus actividades, desfilando en Salinas el pasado 15 de junio y con la minga de limpieza.<\/p>\n","protected":false},"author":1,"featured_media":25990,"comment_status":"open","ping_status":"open","sticky":false,"template":"","format":"standard","meta":{"footnotes":""},"categories":[83],"tags":[29,38],"class_list":["post-25989","post","type-post","status-publish","format-standard","has-post-thumbnail","hentry","category-sucesos","tag-manabi","tag-manta"],"_links":{"self":[{"href":"https:\/\/elmercuriomanta.ec\/index.php\/wp-json\/wp\/v2\/posts\/25989","targetHints":{"allow":["GET"]}}],"collection":[{"href":"https:\/\/elmercuriomanta.ec\/index.php\/wp-json\/wp\/v2\/posts"}],"about":[{"href":"https:\/\/elmercuriomanta.ec\/index.php\/wp-json\/wp\/v2\/types\/post"}],"author":[{"embeddable":true,"href":"https:\/\/elmercuriomanta.ec\/index.php\/wp-json\/wp\/v2\/users\/1"}],"replies":[{"embeddable":true,"href":"https:\/\/elmercuriomanta.ec\/index.php\/wp-json\/wp\/v2\/comments?post=25989"}],"version-history":[{"count":1,"href":"https:\/\/elmercuriomanta.ec\/index.php\/wp-json\/wp\/v2\/posts\/25989\/revisions"}],"predecessor-version":[{"id":25991,"href":"https:\/\/elmercuriomanta.ec\/index.php\/wp-json\/wp\/v2\/posts\/25989\/revisions\/25991"}],"wp:featuredmedia":[{"embeddable":true,"href":"https:\/\/elmercuriomanta.ec\/index.php\/wp-json\/wp\/v2\/media\/25990"}],"wp:attachment":[{"href":"https:\/\/elmercuriomanta.ec\/index.php\/wp-json\/wp\/v2\/media?parent=25989"}],"wp:term":[{"taxonomy":"category","embeddable":true,"href":"https:\/\/elmercuriomanta.ec\/index.php\/wp-json\/wp\/v2\/categories?post=25989"},{"taxonomy":"post_tag","embeddable":true,"href":"https:\/\/elmercuriomanta.ec\/index.php\/wp-json\/wp\/v2\/tags?post=25989"}],"curies":[{"name":"wp","href":"https:\/\/api.w.org\/{rel}","templated":true}]}}