{"id":2581,"date":"2023-07-11T16:53:00","date_gmt":"2023-07-11T21:53:00","guid":{"rendered":"https:\/\/elmercuriomanta.ec\/?p=2581"},"modified":"2023-07-11T16:53:00","modified_gmt":"2023-07-11T21:53:00","slug":"perfil-vicepresidencial-andrea-gonzalez","status":"publish","type":"post","link":"https:\/\/elmercuriomanta.ec\/index.php\/2023\/07\/11\/perfil-vicepresidencial-andrea-gonzalez\/","title":{"rendered":"Perfil Vicepresidencial: ANDREA GONZ\u00c1LEZ"},"content":{"rendered":"\n<figure class=\"wp-block-image aligncenter size-full\"><img fetchpriority=\"high\" decoding=\"async\" width=\"400\" height=\"400\" src=\"https:\/\/elmercuriomanta.ec\/wp-content\/uploads\/2023\/07\/image-107.png\" alt=\"\" class=\"wp-image-2583\" srcset=\"https:\/\/elmercuriomanta.ec\/wp-content\/uploads\/2023\/07\/image-107.png 400w, https:\/\/elmercuriomanta.ec\/wp-content\/uploads\/2023\/07\/image-107-300x300.png 300w, https:\/\/elmercuriomanta.ec\/wp-content\/uploads\/2023\/07\/image-107-150x150.png 150w\" sizes=\"(max-width: 400px) 100vw, 400px\" \/><\/figure>\n\n\n\n<p>Andrea Gonz\u00e1lez Nader naci\u00f3 en Guayaquil, es ingeniera en medio ambiente, directora de Ecoverde, una plataforma de comunicaci\u00f3n ambiental, activista pol\u00edtica y ambiental.<\/p>\n\n\n\n<p>Gonz\u00e1lez decidi\u00f3 apostar por una carrera de la que poco se conoc\u00eda cuando entr\u00f3 a la universidad, en 2005, sin embargo, sus expectativas por ayudar al planeta eran m\u00e1s altas que cualquier estereotipo.<\/p>\n\n\n\n<figure class=\"wp-block-embed is-type-rich is-provider-twitter wp-block-embed-twitter\"><div class=\"wp-block-embed__wrapper\">\n<blockquote class=\"twitter-tweet\" data-width=\"550\" data-dnt=\"true\"><p lang=\"es\" dir=\"ltr\">Paso a la juventud, a la decencia, a la gente buena, a la valent\u00eda. Andrea Gonz\u00e1lez Nader <a href=\"https:\/\/twitter.com\/AtomikHeartMom?ref_src=twsrc%5Etfw\">@AtomikHeartMom<\/a> joven guayaquile\u00f1a, apasionaba por la vida y la naturaleza, me acompa\u00f1ar\u00e1 en este luminoso desaf\u00edo. <a href=\"https:\/\/twitter.com\/hashtag\/GenteBuena?src=hash&amp;ref_src=twsrc%5Etfw\">#GenteBuena<\/a> <a href=\"https:\/\/twitter.com\/hashtag\/DerrotarALasMafias?src=hash&amp;ref_src=twsrc%5Etfw\">#DerrotarALasMafias<\/a> <a href=\"https:\/\/t.co\/QlNmTUtLLn\">pic.twitter.com\/QlNmTUtLLn<\/a><\/p>&mdash; Fernando Villavicencio (@VillaFernando_) <a href=\"https:\/\/twitter.com\/VillaFernando_\/status\/1664608191714394113?ref_src=twsrc%5Etfw\">June 2, 2023<\/a><\/blockquote><script async src=\"https:\/\/platform.twitter.com\/widgets.js\" charset=\"utf-8\"><\/script>\n<\/div><figcaption class=\"wp-element-caption\">En 2019 fue candidata a viceprefecta del Guayas por Unidad Popular y luego aspirante a Asamblea Nacional.<br><br>Ha sido asesora de proyectos privados y p\u00fablicos en comunicaci\u00f3n ambiental, asesora en Comunicaci\u00f3n Ambiental para organizaciones p\u00fablicas, empresas privadas y organizaciones no gubernamentales en campa\u00f1as de sensibilizaci\u00f3n y publicidad responsable.<br><br>Se desempe\u00f1\u00f3 como profesora por 7 a\u00f1os de Environmental Systems and Societies \u2013 International Baccalaureate. Adem\u00e1s, fue juez por los Premios Verdes desde 2016. Form\u00f3 parte del colectivo Pac\u00edfico Librey fue vocal del Consejo Mar\u00edtimo Ciudadano.<\/figcaption><\/figure>\n\n\n\n<p>Gonz\u00e1lez Nader, en las elecciones de 2021, ya acompa\u00f1\u00f3 en la campa\u00f1a a Villavicencio como candidata a asamble\u00edsta nacional, y esta vez aspira a llegar a la Vicepresidencia de la Rep\u00fablica de la mano del expresidente de la Comisi\u00f3n de Fiscalizaci\u00f3n del Parlamento.<\/p>\n\n\n\n<figure class=\"wp-block-image aligncenter size-large is-resized\"><img decoding=\"async\" src=\"https:\/\/elmercuriomanta.ec\/wp-content\/uploads\/2023\/07\/image-111-819x1024.png\" alt=\"\" class=\"wp-image-2596\" width=\"557\" height=\"696\" srcset=\"https:\/\/elmercuriomanta.ec\/wp-content\/uploads\/2023\/07\/image-111-819x1024.png 819w, https:\/\/elmercuriomanta.ec\/wp-content\/uploads\/2023\/07\/image-111-240x300.png 240w, https:\/\/elmercuriomanta.ec\/wp-content\/uploads\/2023\/07\/image-111-768x960.png 768w, https:\/\/elmercuriomanta.ec\/wp-content\/uploads\/2023\/07\/image-111-1229x1536.png 1229w, https:\/\/elmercuriomanta.ec\/wp-content\/uploads\/2023\/07\/image-111-1638x2048.png 1638w\" sizes=\"(max-width: 557px) 100vw, 557px\" \/><\/figure>\n\n\n\n<div class=\"wp-block-essential-blocks-social\"><div class=\"eb-parent-wrapper eb-parent-eb-social-links-zg8vfk5 \"><div class=\"eb-social-links-zg8vfk5 eb-social-links-wrapper\"><ul class=\"eb-socials\"><li><a class=\"facebook-f-original  \" href=\"\/\/www.facebook.com\/YoSoyElMercurio\/?locale=es_LA\" target=\"_self\" rel=\"noopener\"><i class=\"hvr-icon eb-social-icon fab fa-facebook-f\"><\/i><\/a><\/li><li><a class=\"twitter-original  \" href=\"\/\/twitter.com\/elmercuriomanta\" target=\"_self\" rel=\"noopener\"><i class=\"hvr-icon eb-social-icon fab fa-twitter\"><\/i><\/a><\/li><li><a class=\"instagram-original  \" href=\"\/\/www.instagram.com\/elmercuriomanta\/?hl=es\" target=\"_self\" rel=\"noopener\"><i class=\"hvr-icon eb-social-icon fab fa-instagram\"><\/i><\/a><\/li><\/ul><\/div><\/div><\/div>\n","protected":false},"excerpt":{"rendered":"<p>Andrea Gonz\u00e1lez Nader naci\u00f3 en Guayaquil, es ingeniera en medio ambiente, directora de Ecoverde, una plataforma de comunicaci\u00f3n ambiental, activista pol\u00edtica y ambiental. Gonz\u00e1lez decidi\u00f3 apostar por una carrera de la que poco se conoc\u00eda cuando entr\u00f3 a la universidad, en 2005, sin embargo, sus expectativas por ayudar al planeta eran m\u00e1s altas que cualquier [&hellip;]<\/p>\n","protected":false},"author":12,"featured_media":2583,"comment_status":"open","ping_status":"open","sticky":false,"template":"","format":"standard","meta":{"footnotes":""},"categories":[54,1],"tags":[],"class_list":["post-2581","post","type-post","status-publish","format-standard","has-post-thumbnail","hentry","category-politica","category-uncategorized"],"_links":{"self":[{"href":"https:\/\/elmercuriomanta.ec\/index.php\/wp-json\/wp\/v2\/posts\/2581","targetHints":{"allow":["GET"]}}],"collection":[{"href":"https:\/\/elmercuriomanta.ec\/index.php\/wp-json\/wp\/v2\/posts"}],"about":[{"href":"https:\/\/elmercuriomanta.ec\/index.php\/wp-json\/wp\/v2\/types\/post"}],"author":[{"embeddable":true,"href":"https:\/\/elmercuriomanta.ec\/index.php\/wp-json\/wp\/v2\/users\/12"}],"replies":[{"embeddable":true,"href":"https:\/\/elmercuriomanta.ec\/index.php\/wp-json\/wp\/v2\/comments?post=2581"}],"version-history":[{"count":3,"href":"https:\/\/elmercuriomanta.ec\/index.php\/wp-json\/wp\/v2\/posts\/2581\/revisions"}],"predecessor-version":[{"id":2597,"href":"https:\/\/elmercuriomanta.ec\/index.php\/wp-json\/wp\/v2\/posts\/2581\/revisions\/2597"}],"wp:featuredmedia":[{"embeddable":true,"href":"https:\/\/elmercuriomanta.ec\/index.php\/wp-json\/wp\/v2\/media\/2583"}],"wp:attachment":[{"href":"https:\/\/elmercuriomanta.ec\/index.php\/wp-json\/wp\/v2\/media?parent=2581"}],"wp:term":[{"taxonomy":"category","embeddable":true,"href":"https:\/\/elmercuriomanta.ec\/index.php\/wp-json\/wp\/v2\/categories?post=2581"},{"taxonomy":"post_tag","embeddable":true,"href":"https:\/\/elmercuriomanta.ec\/index.php\/wp-json\/wp\/v2\/tags?post=2581"}],"curies":[{"name":"wp","href":"https:\/\/api.w.org\/{rel}","templated":true}]}}