{"id":25748,"date":"2024-08-06T12:16:57","date_gmt":"2024-08-06T17:16:57","guid":{"rendered":"https:\/\/elmercuriomanta.ec\/?p=25748"},"modified":"2024-08-06T12:55:35","modified_gmt":"2024-08-06T17:55:35","slug":"esto-se-sabe-del-asesinato-de-un-empresario-en-manta","status":"publish","type":"post","link":"https:\/\/elmercuriomanta.ec\/index.php\/2024\/08\/06\/esto-se-sabe-del-asesinato-de-un-empresario-en-manta\/","title":{"rendered":"Esto se sabe del asesinato de un empresario en Manta"},"content":{"rendered":"\n<figure class=\"wp-block-image aligncenter size-full\"><img fetchpriority=\"high\" decoding=\"async\" width=\"400\" height=\"220\" src=\"https:\/\/elmercuriomanta.ec\/wp-content\/uploads\/2024\/08\/image-54.png\" alt=\"\" class=\"wp-image-25749\" srcset=\"https:\/\/elmercuriomanta.ec\/wp-content\/uploads\/2024\/08\/image-54.png 400w, https:\/\/elmercuriomanta.ec\/wp-content\/uploads\/2024\/08\/image-54-300x165.png 300w\" sizes=\"(max-width: 400px) 100vw, 400px\" \/><\/figure>\n\n\n\n<p>El asesinato del empresario \u00c9dison Ferdinand Cede\u00f1o Mesa ha causado conmoci\u00f3n en Manab\u00ed, en donde el crimen organizado no da tregua, pese a la militarizaci\u00f3n de la provincia.<\/p>\n\n\n\n<p>&nbsp;La Polic\u00eda investiga el hecho criminal, que ocurre en medio de un estado de excepci\u00f3n y la presencia de la c\u00fapula militar y policial en esta provincia costera.<\/p>\n\n\n\n<p>&nbsp;Esto es lo que se conoce hasta el momento del crimen del empresario manabita: Este crimen ocurri\u00f3 en Manta la madrugada del domingo 4 de agosto. Fue baleado en la calle 319 y avenida 220, de la parroquia Eloy Alfaro.&nbsp;<\/p>\n\n\n\n<p>El empresario, quien era propietario de una empresa envasadora de agua, fue atacado cuando se encontraba en los exteriores de su vivienda. Los sicarios llegaron en una motocicleta y le dispararon en varias ocasiones. La Polic\u00eda encontr\u00f3 ocho indicios bal\u00edsticos en el sitio. De inmediato, los organismos de socorro lo trasladaron a una casa de salud, en donde los m\u00e9dicos confirmaron su muerte.<\/p>\n\n\n\n<p>&nbsp;La Polic\u00eda ya tiene una hip\u00f3tesis del crimen. El empresario habr\u00eda recibido amenazas de un grupo criminal, que le ped\u00eda USD 10.000, pero \u00e9l no acept\u00f3 pagar. Manta es considerada la ciudad m\u00e1s violenta de Manab\u00ed. En esta urbe, los grupos criminales, como Los Lobos y Los Choneros, se disputan el control del territorio.<\/p>\n","protected":false},"excerpt":{"rendered":"<p>El asesinato del empresario \u00c9dison Ferdinand Cede\u00f1o Mesa ha causado conmoci\u00f3n en Manab\u00ed, en donde el crimen organizado no da tregua, pese a la militarizaci\u00f3n de la provincia.<\/p>\n","protected":false},"author":1,"featured_media":25749,"comment_status":"open","ping_status":"open","sticky":false,"template":"","format":"standard","meta":{"footnotes":""},"categories":[16,1],"tags":[91],"class_list":["post-25748","post","type-post","status-publish","format-standard","has-post-thumbnail","hentry","category-cronica","category-uncategorized","tag-cronica"],"_links":{"self":[{"href":"https:\/\/elmercuriomanta.ec\/index.php\/wp-json\/wp\/v2\/posts\/25748","targetHints":{"allow":["GET"]}}],"collection":[{"href":"https:\/\/elmercuriomanta.ec\/index.php\/wp-json\/wp\/v2\/posts"}],"about":[{"href":"https:\/\/elmercuriomanta.ec\/index.php\/wp-json\/wp\/v2\/types\/post"}],"author":[{"embeddable":true,"href":"https:\/\/elmercuriomanta.ec\/index.php\/wp-json\/wp\/v2\/users\/1"}],"replies":[{"embeddable":true,"href":"https:\/\/elmercuriomanta.ec\/index.php\/wp-json\/wp\/v2\/comments?post=25748"}],"version-history":[{"count":2,"href":"https:\/\/elmercuriomanta.ec\/index.php\/wp-json\/wp\/v2\/posts\/25748\/revisions"}],"predecessor-version":[{"id":25751,"href":"https:\/\/elmercuriomanta.ec\/index.php\/wp-json\/wp\/v2\/posts\/25748\/revisions\/25751"}],"wp:featuredmedia":[{"embeddable":true,"href":"https:\/\/elmercuriomanta.ec\/index.php\/wp-json\/wp\/v2\/media\/25749"}],"wp:attachment":[{"href":"https:\/\/elmercuriomanta.ec\/index.php\/wp-json\/wp\/v2\/media?parent=25748"}],"wp:term":[{"taxonomy":"category","embeddable":true,"href":"https:\/\/elmercuriomanta.ec\/index.php\/wp-json\/wp\/v2\/categories?post=25748"},{"taxonomy":"post_tag","embeddable":true,"href":"https:\/\/elmercuriomanta.ec\/index.php\/wp-json\/wp\/v2\/tags?post=25748"}],"curies":[{"name":"wp","href":"https:\/\/api.w.org\/{rel}","templated":true}]}}