{"id":25690,"date":"2024-08-05T15:54:32","date_gmt":"2024-08-05T20:54:32","guid":{"rendered":"https:\/\/elmercuriomanta.ec\/?p=25690"},"modified":"2024-08-05T15:54:34","modified_gmt":"2024-08-05T20:54:34","slug":"la-fiscalia-niega-vinculos-con-el-ministro-de-agricultura-y-estructuras-narcodelictivas","status":"publish","type":"post","link":"https:\/\/elmercuriomanta.ec\/index.php\/2024\/08\/05\/la-fiscalia-niega-vinculos-con-el-ministro-de-agricultura-y-estructuras-narcodelictivas\/","title":{"rendered":"La Fiscal\u00eda niega v\u00ednculos con el Ministro de Agricultura y estructuras Narcodelictivas"},"content":{"rendered":"\n<figure class=\"wp-block-image aligncenter size-full is-resized\"><img fetchpriority=\"high\" decoding=\"async\" width=\"825\" height=\"600\" src=\"https:\/\/elmercuriomanta.ec\/wp-content\/uploads\/2024\/08\/image-43.png\" alt=\"\" class=\"wp-image-25691\" style=\"width:449px;height:auto\" srcset=\"https:\/\/elmercuriomanta.ec\/wp-content\/uploads\/2024\/08\/image-43.png 825w, https:\/\/elmercuriomanta.ec\/wp-content\/uploads\/2024\/08\/image-43-300x218.png 300w, https:\/\/elmercuriomanta.ec\/wp-content\/uploads\/2024\/08\/image-43-768x559.png 768w\" sizes=\"(max-width: 825px) 100vw, 825px\" \/><\/figure>\n\n\n\n<p>La noticia de una posible destituci\u00f3n del actual ministro de Agricultura y Ganader\u00eda, Danilo Palacios, empez\u00f3 a circular la ma\u00f1ana del 4 de agosto. Una organizaci\u00f3n ciudadana denunci\u00f3 en redes sociales supuestos v\u00ednculos del funcionario con el narcotr\u00e1fico.&nbsp;<\/p>\n\n\n\n<p>\u201cDaniel Noboa destruir\u00e1 en las pr\u00f3ximas horas a Danilo Palacios como Ministro de Agricultura\u201d, se\u00f1alaba la publicaci\u00f3n. Pero tambi\u00e9n se vincul\u00f3 a la Fiscal\u00eda General del Estado. El texto se\u00f1alaba que \u201cseg\u00fan fuentes cercanas a Diana Salazar (Fiscal General), Palacios habr\u00eda puesto esta cartera de Estado al servicio de organizaciones criminales dedicadas al tr\u00e1fico internacional de coca\u00edna a gran escala\u201d.&nbsp;<\/p>\n\n\n\n<p>La Fiscal\u00eda reaccion\u00f3 a la publicaci\u00f3n, sostuvo que es falsa y alert\u00f3 a la opini\u00f3n p\u00fablica sobre estos \u201ccomentarios maliciosos\u201d. Tambi\u00e9n pidi\u00f3 a los ciudadanos informarse por fuentes oficiales.&nbsp;<\/p>\n\n\n\n<p>Hasta el momento, el Gobierno no se ha pronunciado sobre la posible salida de Palacios o sus supuestos v\u00ednculos con el narcotr\u00e1fico. El empresario bananero, oriundo de la provincia de El Oro, se desempe\u00f1a en el cargo desde noviembre de 2023.<\/p>\n","protected":false},"excerpt":{"rendered":"<p>La noticia de una posible destituci\u00f3n del actual ministro de Agricultura y Ganader\u00eda, Danilo Palacios, empez\u00f3 a circular la ma\u00f1ana del 4 de agosto. Una organizaci\u00f3n ciudadana denunci\u00f3 en redes sociales supuestos v\u00ednculos del funcionario con el narcotr\u00e1fico.\u00a0<\/p>\n","protected":false},"author":1,"featured_media":25691,"comment_status":"open","ping_status":"open","sticky":false,"template":"","format":"standard","meta":{"footnotes":""},"categories":[1],"tags":[],"class_list":["post-25690","post","type-post","status-publish","format-standard","has-post-thumbnail","hentry","category-uncategorized"],"_links":{"self":[{"href":"https:\/\/elmercuriomanta.ec\/index.php\/wp-json\/wp\/v2\/posts\/25690","targetHints":{"allow":["GET"]}}],"collection":[{"href":"https:\/\/elmercuriomanta.ec\/index.php\/wp-json\/wp\/v2\/posts"}],"about":[{"href":"https:\/\/elmercuriomanta.ec\/index.php\/wp-json\/wp\/v2\/types\/post"}],"author":[{"embeddable":true,"href":"https:\/\/elmercuriomanta.ec\/index.php\/wp-json\/wp\/v2\/users\/1"}],"replies":[{"embeddable":true,"href":"https:\/\/elmercuriomanta.ec\/index.php\/wp-json\/wp\/v2\/comments?post=25690"}],"version-history":[{"count":1,"href":"https:\/\/elmercuriomanta.ec\/index.php\/wp-json\/wp\/v2\/posts\/25690\/revisions"}],"predecessor-version":[{"id":25692,"href":"https:\/\/elmercuriomanta.ec\/index.php\/wp-json\/wp\/v2\/posts\/25690\/revisions\/25692"}],"wp:featuredmedia":[{"embeddable":true,"href":"https:\/\/elmercuriomanta.ec\/index.php\/wp-json\/wp\/v2\/media\/25691"}],"wp:attachment":[{"href":"https:\/\/elmercuriomanta.ec\/index.php\/wp-json\/wp\/v2\/media?parent=25690"}],"wp:term":[{"taxonomy":"category","embeddable":true,"href":"https:\/\/elmercuriomanta.ec\/index.php\/wp-json\/wp\/v2\/categories?post=25690"},{"taxonomy":"post_tag","embeddable":true,"href":"https:\/\/elmercuriomanta.ec\/index.php\/wp-json\/wp\/v2\/tags?post=25690"}],"curies":[{"name":"wp","href":"https:\/\/api.w.org\/{rel}","templated":true}]}}