{"id":25648,"date":"2024-08-05T10:54:31","date_gmt":"2024-08-05T15:54:31","guid":{"rendered":"https:\/\/elmercuriomanta.ec\/?p=25648"},"modified":"2024-08-05T10:54:33","modified_gmt":"2024-08-05T15:54:33","slug":"escuela-formativa-atletico-mantense-campeones-de-la-copa-miloal-sub-14","status":"publish","type":"post","link":"https:\/\/elmercuriomanta.ec\/index.php\/2024\/08\/05\/escuela-formativa-atletico-mantense-campeones-de-la-copa-miloal-sub-14\/","title":{"rendered":"ESCUELA FORMATIVA ATL\u00c9TICO MANTENSE CAMPEONES DE LA COPA MILOAL SUB.14"},"content":{"rendered":"\n<figure class=\"wp-block-image size-full\"><img fetchpriority=\"high\" decoding=\"async\" width=\"806\" height=\"564\" src=\"https:\/\/elmercuriomanta.ec\/wp-content\/uploads\/2024\/08\/Imagen-de-WhatsApp-2024-08-05-a-las-10.53.33_ea6ec23f.jpg\" alt=\"\" class=\"wp-image-25651\" srcset=\"https:\/\/elmercuriomanta.ec\/wp-content\/uploads\/2024\/08\/Imagen-de-WhatsApp-2024-08-05-a-las-10.53.33_ea6ec23f.jpg 806w, https:\/\/elmercuriomanta.ec\/wp-content\/uploads\/2024\/08\/Imagen-de-WhatsApp-2024-08-05-a-las-10.53.33_ea6ec23f-300x210.jpg 300w, https:\/\/elmercuriomanta.ec\/wp-content\/uploads\/2024\/08\/Imagen-de-WhatsApp-2024-08-05-a-las-10.53.33_ea6ec23f-768x537.jpg 768w\" sizes=\"(max-width: 806px) 100vw, 806px\" \/><\/figure>\n\n\n\n<p>Padres de familia, entrenadores y jugadores festejaron a lo grande el t\u00edtulo alcanzado por la Escuela Formativa Atl\u00e9tico Mantense en la categor\u00eda sub.14 del torneo Infanto \u2013 Juvenil de la Copa Miloal, organizada por Vicente Mera. En la final vencieron a Metalhierro 1&#215;0, el gol fue conseguido por el goleador, Mart\u00edn Alvarado, en los monarca de la justa deportiva destacan, Alejandro Buehs, Sebasti\u00e1n Paredes, \u201cEl Cholo\u201d Math\u00edas, Isa\u00edas, Miguel Zambrano Machuca, Yeidi Mac\u00edas, Ian L\u00f3pez, Mariano Mendoza, Cristhian Mendoza, Javier Zambrano, Mart\u00edn Alvarado, entre otros. El cuerpo t\u00e9cnico est\u00e1 integrado por Efr\u00e9n Mera, Diego Mac\u00edas, \u201cPep\u00f3n Palacios\u201d, C\u00e9sar Alarc\u00f3n \u201cLupo\u201d, H\u00e9ctor Villareal, Hugo Ponce y Carlos Luis V\u00e1squez. Luego de la final el organizador de la lid deportiva, Vicente Mera se encarg\u00f3 de la premiaci\u00f3n respectiva con trofeos y medallas para los campeones y vicecampeones. Posiciones finales de la Copa Miloal Categor\u00eda Sub. 14<\/p>\n","protected":false},"excerpt":{"rendered":"<p>Padres de familia, entrenadores y jugadores festejaron a lo grande el t\u00edtulo alcanzado por la Escuela Formativa Atl\u00e9tico Mantense en la categor\u00eda sub.14 del torneo Infanto \u2013 Juvenil de la Copa Miloal<\/p>\n","protected":false},"author":1,"featured_media":25651,"comment_status":"open","ping_status":"open","sticky":false,"template":"","format":"standard","meta":{"footnotes":""},"categories":[1],"tags":[],"class_list":["post-25648","post","type-post","status-publish","format-standard","has-post-thumbnail","hentry","category-uncategorized"],"_links":{"self":[{"href":"https:\/\/elmercuriomanta.ec\/index.php\/wp-json\/wp\/v2\/posts\/25648","targetHints":{"allow":["GET"]}}],"collection":[{"href":"https:\/\/elmercuriomanta.ec\/index.php\/wp-json\/wp\/v2\/posts"}],"about":[{"href":"https:\/\/elmercuriomanta.ec\/index.php\/wp-json\/wp\/v2\/types\/post"}],"author":[{"embeddable":true,"href":"https:\/\/elmercuriomanta.ec\/index.php\/wp-json\/wp\/v2\/users\/1"}],"replies":[{"embeddable":true,"href":"https:\/\/elmercuriomanta.ec\/index.php\/wp-json\/wp\/v2\/comments?post=25648"}],"version-history":[{"count":1,"href":"https:\/\/elmercuriomanta.ec\/index.php\/wp-json\/wp\/v2\/posts\/25648\/revisions"}],"predecessor-version":[{"id":25652,"href":"https:\/\/elmercuriomanta.ec\/index.php\/wp-json\/wp\/v2\/posts\/25648\/revisions\/25652"}],"wp:featuredmedia":[{"embeddable":true,"href":"https:\/\/elmercuriomanta.ec\/index.php\/wp-json\/wp\/v2\/media\/25651"}],"wp:attachment":[{"href":"https:\/\/elmercuriomanta.ec\/index.php\/wp-json\/wp\/v2\/media?parent=25648"}],"wp:term":[{"taxonomy":"category","embeddable":true,"href":"https:\/\/elmercuriomanta.ec\/index.php\/wp-json\/wp\/v2\/categories?post=25648"},{"taxonomy":"post_tag","embeddable":true,"href":"https:\/\/elmercuriomanta.ec\/index.php\/wp-json\/wp\/v2\/tags?post=25648"}],"curies":[{"name":"wp","href":"https:\/\/api.w.org\/{rel}","templated":true}]}}