{"id":25484,"date":"2024-08-01T17:16:37","date_gmt":"2024-08-01T22:16:37","guid":{"rendered":"https:\/\/elmercuriomanta.ec\/?p=25484"},"modified":"2024-08-01T17:16:39","modified_gmt":"2024-08-01T22:16:39","slug":"hay-un-rebrote-del-covid-y-los-medicos-sugieren-vacunarse","status":"publish","type":"post","link":"https:\/\/elmercuriomanta.ec\/index.php\/2024\/08\/01\/hay-un-rebrote-del-covid-y-los-medicos-sugieren-vacunarse\/","title":{"rendered":"Hay un rebrote del COVID y los m\u00e9dicos sugieren vacunarse"},"content":{"rendered":"\n<figure class=\"wp-block-image aligncenter size-full is-resized\"><img fetchpriority=\"high\" decoding=\"async\" width=\"825\" height=\"600\" src=\"https:\/\/elmercuriomanta.ec\/wp-content\/uploads\/2024\/08\/image-5.png\" alt=\"\" class=\"wp-image-25485\" style=\"width:440px;height:auto\" srcset=\"https:\/\/elmercuriomanta.ec\/wp-content\/uploads\/2024\/08\/image-5.png 825w, https:\/\/elmercuriomanta.ec\/wp-content\/uploads\/2024\/08\/image-5-300x218.png 300w, https:\/\/elmercuriomanta.ec\/wp-content\/uploads\/2024\/08\/image-5-768x559.png 768w\" sizes=\"(max-width: 825px) 100vw, 825px\" \/><\/figure>\n\n\n\n<p>Las \u00faltimas cifras oficiales dan cuenta de que en Ecuador se registraron durante este a\u00f1o unos 10 000 contagios y 15 fallecidos por la enfermedad respiratoria del covid-19.<\/p>\n\n\n\n<p>&nbsp;No obstante, el m\u00e9dico epidemi\u00f3logo, Marcelo Aguilar, explica que la cifra de contagios es parcial, ya que el Ministerio de Salud contabiliza los casos graves en hospitales, pero no se cuentan los casos que llegan solo a consulta externa y no necesitan hospitalizaci\u00f3n.<\/p>\n\n\n\n<p>&nbsp;\u201cPuede ocurrir un rebrote del covid-19\u201d y destaca que hay un aumento importante de enfermedades respiratorias\u201d. \u00bfPor qu\u00e9? \u201cHay personas m\u00e1s sensibles, la vacunaci\u00f3n (contra el covid-19) ya se realiz\u00f3 hace dos a\u00f1os, la inmunidad por las vacunas y la infecci\u00f3n natural se ha reducido, las personas tienen menos precauciones de las que ten\u00edan antes y hay un subvariante, que es la FLiRT, que est\u00e1 circulando intensamente en Ecuador junto a los otros virus respiratorios\u201d, explica el doctor.&nbsp;<\/p>\n\n\n\n<p>Tambi\u00e9n resalta que pese a que el Ministerio de Salud ha comprado 250 000 dosis contra el covid-19, solo se han aplicado 86 371 vacunas. \u201cQue haya una nueva cepa del virus circulando, la continuidad de casos graves y casos mortales por covid es un anuncio de que puede ocurrir un rebrote de la enfermedad.&nbsp;<\/p>\n\n\n\n<p>Por eso hay que llamar a las personas a que se vacunen\u201d, explica Aguilar. El doctor Aguilar subraya que hay que priorizar la vacunaci\u00f3n a los ni\u00f1os menores de cinco a\u00f1os y grupos prioritarios, como personas con enfermedades cr\u00f3nicas y quienes tienen el sistema inmune vulnerable.&nbsp;<\/p>\n\n\n\n<p>\u201cLa vacuna es segura, es la m\u00e1s adecuada para la circulaci\u00f3n actual de los virus del covid\u201d, se\u00f1ala. Adem\u00e1s, detalla que hay que seguir vacun\u00e1ndose con las vacunas actualizadas, ya que las variantes de ahora no son las mismas que las del inicio de la pandemia. No importa que ya tenga inoculaciones previas. \u201cHay que vacunarse con la vacuna actualizada peri\u00f3dicamente\u201d, indica. En Ecuador a la fecha se est\u00e1 aplicando el biol\u00f3gico de Moderna.<\/p>\n","protected":false},"excerpt":{"rendered":"<p>Las \u00faltimas cifras oficiales dan cuenta de que en Ecuador se registraron durante este a\u00f1o unos 10 000 contagios y 15 fallecidos por la enfermedad respiratoria del covid-19.<\/p>\n","protected":false},"author":1,"featured_media":25485,"comment_status":"open","ping_status":"open","sticky":false,"template":"","format":"standard","meta":{"footnotes":""},"categories":[1],"tags":[],"class_list":["post-25484","post","type-post","status-publish","format-standard","has-post-thumbnail","hentry","category-uncategorized"],"_links":{"self":[{"href":"https:\/\/elmercuriomanta.ec\/index.php\/wp-json\/wp\/v2\/posts\/25484","targetHints":{"allow":["GET"]}}],"collection":[{"href":"https:\/\/elmercuriomanta.ec\/index.php\/wp-json\/wp\/v2\/posts"}],"about":[{"href":"https:\/\/elmercuriomanta.ec\/index.php\/wp-json\/wp\/v2\/types\/post"}],"author":[{"embeddable":true,"href":"https:\/\/elmercuriomanta.ec\/index.php\/wp-json\/wp\/v2\/users\/1"}],"replies":[{"embeddable":true,"href":"https:\/\/elmercuriomanta.ec\/index.php\/wp-json\/wp\/v2\/comments?post=25484"}],"version-history":[{"count":1,"href":"https:\/\/elmercuriomanta.ec\/index.php\/wp-json\/wp\/v2\/posts\/25484\/revisions"}],"predecessor-version":[{"id":25486,"href":"https:\/\/elmercuriomanta.ec\/index.php\/wp-json\/wp\/v2\/posts\/25484\/revisions\/25486"}],"wp:featuredmedia":[{"embeddable":true,"href":"https:\/\/elmercuriomanta.ec\/index.php\/wp-json\/wp\/v2\/media\/25485"}],"wp:attachment":[{"href":"https:\/\/elmercuriomanta.ec\/index.php\/wp-json\/wp\/v2\/media?parent=25484"}],"wp:term":[{"taxonomy":"category","embeddable":true,"href":"https:\/\/elmercuriomanta.ec\/index.php\/wp-json\/wp\/v2\/categories?post=25484"},{"taxonomy":"post_tag","embeddable":true,"href":"https:\/\/elmercuriomanta.ec\/index.php\/wp-json\/wp\/v2\/tags?post=25484"}],"curies":[{"name":"wp","href":"https:\/\/api.w.org\/{rel}","templated":true}]}}