{"id":2544,"date":"2023-07-11T10:22:20","date_gmt":"2023-07-11T15:22:20","guid":{"rendered":"https:\/\/elmercuriomanta.ec\/?p=2544"},"modified":"2023-07-11T10:22:20","modified_gmt":"2023-07-11T15:22:20","slug":"femicida-fue-sentenciado-a-26-anos-de-prision","status":"publish","type":"post","link":"https:\/\/elmercuriomanta.ec\/index.php\/2023\/07\/11\/femicida-fue-sentenciado-a-26-anos-de-prision\/","title":{"rendered":"Femicida fue sentenciado a 26 a\u00f1os de prisi\u00f3n"},"content":{"rendered":"\n<p>Sixto Q. cumplir\u00e1 una pena privativa de libertad de veintis\u00e9is a\u00f1os como autor de femicidio. Un Tribunal de Garant\u00edas Penales de Manab\u00ed dict\u00f3 sentencia condenatoria, tras la exposici\u00f3n de las pruebas de cargo en su contra, presentas por Fiscal\u00eda.<\/p>\n\n\n\n<figure class=\"wp-block-image aligncenter size-full is-resized\"><img fetchpriority=\"high\" decoding=\"async\" src=\"https:\/\/elmercuriomanta.ec\/wp-content\/uploads\/2023\/07\/image-96.png\" alt=\"\" class=\"wp-image-2545\" width=\"452\" height=\"278\" srcset=\"https:\/\/elmercuriomanta.ec\/wp-content\/uploads\/2023\/07\/image-96.png 650w, https:\/\/elmercuriomanta.ec\/wp-content\/uploads\/2023\/07\/image-96-300x185.png 300w\" sizes=\"(max-width: 452px) 100vw, 452px\" \/><\/figure>\n\n\n\n<p>En la sentencia escrita, los Jueces detallar\u00e1n los montos que Sixto Q. deber\u00e1 cubrir por conceptos de multa y reparaci\u00f3n integral a la familia de la v\u00edctima.<\/p>\n\n\n\n<p>Durante la audiencia de juzgamiento, la Fiscal de la causa inform\u00f3 que los hechos investigados ocurrieron en agosto de 2022. La v\u00edctima y su esposo llegaron a Portoviejo desde Guayaquil, para participar en una reuni\u00f3n familiar.<\/p>\n\n\n\n<p>Minutos despu\u00e9s de iniciada la fiesta, la pareja regres\u00f3 al hostal donde estaba hospedada. Inmediatamente, Sixto Q. llam\u00f3 a uno de sus familiares y pidi\u00f3 su ayuda, dici\u00e9ndole que su esposa hab\u00eda sufrido un accidente y que no se mov\u00eda.<\/p>\n\n\n\n<p>Las personas que llegaron al lugar notaron signos de violencia en el cuerpo de la mujer y en el agresor. Por esa raz\u00f3n, los polic\u00edas que acudieron al llamado de emergencia aprehendieron al hombre por su presunta responsabilidad en la muerte de su pareja.<\/p>\n\n\n\n<p>Fiscal\u00eda prob\u00f3 esta acusaci\u00f3n en contra de Sixto Q. con los testimonios de los peritos que realizaron la experticia de audio y video a las c\u00e1maras de seguridad del hostal, en donde se mira la llegada de la pareja y luego se escuchan gritos y golpes provenientes de la habitaci\u00f3n.<\/p>\n\n\n\n<p>Adem\u00e1s, se exhibieron los resultados de las pruebas biol\u00f3gicas y de ADN realizadas a las evidencias recogidas en la escena del crimen, que determinaron rastros del perfil gen\u00e9tico de la v\u00edctima en la ropa de Sixto Q. Asimismo, se incluy\u00f3 el informe de protocolo de autopsia realizado a la mujer.<\/p>\n\n\n\n<p>A la audiencia tambi\u00e9n se presentaron familiares de la mujer, llamados como testigos de Fiscal\u00eda, quienes confirmaron una relaci\u00f3n de poder del procesado sobre la v\u00edctima, un c\u00edrculo de violencia que decant\u00f3 en femicidio.<\/p>\n\n\n\n<p><strong>Informaci\u00f3n jur\u00eddica<\/strong><\/p>\n\n\n\n<p>El femicidio se encuentra tipificado en el art\u00edculo 141 del C\u00f3digo Org\u00e1nico Integral Penal y se sanciona con pena privativa de libertad de veintid\u00f3s a veintis\u00e9is a\u00f1os.<\/p>\n\n\n\n<div class=\"wp-block-essential-blocks-social\"><div class=\"eb-parent-wrapper eb-parent-eb-social-links-00nd7de \"><div class=\"eb-social-links-00nd7de eb-social-links-wrapper\"><ul class=\"eb-socials\"><li><a class=\"facebook-f-original  \" href=\"\/\/www.facebook.com\/YoSoyElMercurio\/?locale=es_LA\" target=\"_self\" rel=\"noopener\"><i class=\"hvr-icon eb-social-icon fab fa-facebook-f\"><\/i><\/a><\/li><li><a class=\"twitter-original  \" href=\"\/\/twitter.com\/elmercuriomanta\" target=\"_self\" rel=\"noopener\"><i class=\"hvr-icon eb-social-icon fab fa-twitter\"><\/i><\/a><\/li><li><a class=\"instagram-original  \" href=\"\/\/www.instagram.com\/elmercuriomanta\/?hl=es\" target=\"_self\" rel=\"noopener\"><i class=\"hvr-icon eb-social-icon fab fa-instagram\"><\/i><\/a><\/li><\/ul><\/div><\/div><\/div>\n","protected":false},"excerpt":{"rendered":"<p>Sixto Q. cumplir\u00e1 una pena privativa de libertad de veintis\u00e9is a\u00f1os como autor de femicidio. Un Tribunal de Garant\u00edas Penales de Manab\u00ed dict\u00f3 sentencia condenatoria, tras la exposici\u00f3n de las pruebas de cargo en su contra, presentas por Fiscal\u00eda. En la sentencia escrita, los Jueces detallar\u00e1n los montos que Sixto Q. deber\u00e1 cubrir por conceptos [&hellip;]<\/p>\n","protected":false},"author":12,"featured_media":2545,"comment_status":"open","ping_status":"open","sticky":false,"template":"","format":"standard","meta":{"footnotes":""},"categories":[16],"tags":[],"class_list":["post-2544","post","type-post","status-publish","format-standard","has-post-thumbnail","hentry","category-cronica"],"_links":{"self":[{"href":"https:\/\/elmercuriomanta.ec\/index.php\/wp-json\/wp\/v2\/posts\/2544","targetHints":{"allow":["GET"]}}],"collection":[{"href":"https:\/\/elmercuriomanta.ec\/index.php\/wp-json\/wp\/v2\/posts"}],"about":[{"href":"https:\/\/elmercuriomanta.ec\/index.php\/wp-json\/wp\/v2\/types\/post"}],"author":[{"embeddable":true,"href":"https:\/\/elmercuriomanta.ec\/index.php\/wp-json\/wp\/v2\/users\/12"}],"replies":[{"embeddable":true,"href":"https:\/\/elmercuriomanta.ec\/index.php\/wp-json\/wp\/v2\/comments?post=2544"}],"version-history":[{"count":1,"href":"https:\/\/elmercuriomanta.ec\/index.php\/wp-json\/wp\/v2\/posts\/2544\/revisions"}],"predecessor-version":[{"id":2546,"href":"https:\/\/elmercuriomanta.ec\/index.php\/wp-json\/wp\/v2\/posts\/2544\/revisions\/2546"}],"wp:featuredmedia":[{"embeddable":true,"href":"https:\/\/elmercuriomanta.ec\/index.php\/wp-json\/wp\/v2\/media\/2545"}],"wp:attachment":[{"href":"https:\/\/elmercuriomanta.ec\/index.php\/wp-json\/wp\/v2\/media?parent=2544"}],"wp:term":[{"taxonomy":"category","embeddable":true,"href":"https:\/\/elmercuriomanta.ec\/index.php\/wp-json\/wp\/v2\/categories?post=2544"},{"taxonomy":"post_tag","embeddable":true,"href":"https:\/\/elmercuriomanta.ec\/index.php\/wp-json\/wp\/v2\/tags?post=2544"}],"curies":[{"name":"wp","href":"https:\/\/api.w.org\/{rel}","templated":true}]}}