{"id":25413,"date":"2024-07-31T11:32:18","date_gmt":"2024-07-31T16:32:18","guid":{"rendered":"https:\/\/elmercuriomanta.ec\/?p=25413"},"modified":"2024-07-31T11:50:29","modified_gmt":"2024-07-31T16:50:29","slug":"jaramijo-celebra-el-festival-de-la-chicha-y-dulces-tradicionales-este-domingo","status":"publish","type":"post","link":"https:\/\/elmercuriomanta.ec\/index.php\/2024\/07\/31\/jaramijo-celebra-el-festival-de-la-chicha-y-dulces-tradicionales-este-domingo\/","title":{"rendered":"Jaramij\u00f3 celebra el festival de la chicha y dulces tradicionales este domingo"},"content":{"rendered":"\n<figure class=\"wp-block-image aligncenter size-full\"><img fetchpriority=\"high\" decoding=\"async\" width=\"300\" height=\"200\" src=\"https:\/\/elmercuriomanta.ec\/wp-content\/uploads\/2024\/07\/image-404.png\" alt=\"\" class=\"wp-image-25414\"\/><\/figure>\n\n\n\n<p>Este domingo 4 de agosto, Jaramij\u00f3 se prepara para recibir a todos los amantes de la gastronom\u00eda tradicional en el Festival de la Chicha y Dulces Tradicionales, as\u00ed lo dio a conocer la Alcald\u00eda.<\/p>\n\n\n\n<p>&nbsp;A partir de las 10 de la ma\u00f1ana, la calle 1 de Enero se llenar\u00e1 de color, sabor y alegr\u00eda para celebrar lo mejor de nuestras ra\u00edces culinarias manabitas.<\/p>\n\n\n\n<p>&nbsp;Organizado por la Alcald\u00eda de Jaramij\u00f3, este evento promete deleitar a los asistentes con una variada oferta de comidas t\u00edpicas criollas.<\/p>\n\n\n\n<p>&nbsp;Entre los platos destacados, los visitantes podr\u00e1n disfrutar del tradicional seco de gallina, seco de chivo y muchas otras delicias que representan lo m\u00e1s aut\u00e9ntico de nuestra cultura gastron\u00f3mica.<\/p>\n","protected":false},"excerpt":{"rendered":"<p>Este domingo 4 de agosto, Jaramij\u00f3 se prepara para recibir a todos los amantes de la gastronom\u00eda tradicional en el Festival de la Chicha y Dulces Tradicionales, as\u00ed lo dio a conocer la Alcald\u00eda.<\/p>\n","protected":false},"author":1,"featured_media":25414,"comment_status":"open","ping_status":"open","sticky":false,"template":"","format":"standard","meta":{"footnotes":""},"categories":[21,1],"tags":[29],"class_list":["post-25413","post","type-post","status-publish","format-standard","has-post-thumbnail","hentry","category-noticia-del-dia","category-uncategorized","tag-manabi"],"_links":{"self":[{"href":"https:\/\/elmercuriomanta.ec\/index.php\/wp-json\/wp\/v2\/posts\/25413","targetHints":{"allow":["GET"]}}],"collection":[{"href":"https:\/\/elmercuriomanta.ec\/index.php\/wp-json\/wp\/v2\/posts"}],"about":[{"href":"https:\/\/elmercuriomanta.ec\/index.php\/wp-json\/wp\/v2\/types\/post"}],"author":[{"embeddable":true,"href":"https:\/\/elmercuriomanta.ec\/index.php\/wp-json\/wp\/v2\/users\/1"}],"replies":[{"embeddable":true,"href":"https:\/\/elmercuriomanta.ec\/index.php\/wp-json\/wp\/v2\/comments?post=25413"}],"version-history":[{"count":1,"href":"https:\/\/elmercuriomanta.ec\/index.php\/wp-json\/wp\/v2\/posts\/25413\/revisions"}],"predecessor-version":[{"id":25415,"href":"https:\/\/elmercuriomanta.ec\/index.php\/wp-json\/wp\/v2\/posts\/25413\/revisions\/25415"}],"wp:featuredmedia":[{"embeddable":true,"href":"https:\/\/elmercuriomanta.ec\/index.php\/wp-json\/wp\/v2\/media\/25414"}],"wp:attachment":[{"href":"https:\/\/elmercuriomanta.ec\/index.php\/wp-json\/wp\/v2\/media?parent=25413"}],"wp:term":[{"taxonomy":"category","embeddable":true,"href":"https:\/\/elmercuriomanta.ec\/index.php\/wp-json\/wp\/v2\/categories?post=25413"},{"taxonomy":"post_tag","embeddable":true,"href":"https:\/\/elmercuriomanta.ec\/index.php\/wp-json\/wp\/v2\/tags?post=25413"}],"curies":[{"name":"wp","href":"https:\/\/api.w.org\/{rel}","templated":true}]}}