{"id":25393,"date":"2024-07-31T10:01:20","date_gmt":"2024-07-31T15:01:20","guid":{"rendered":"https:\/\/elmercuriomanta.ec\/?p=25393"},"modified":"2024-07-31T11:51:00","modified_gmt":"2024-07-31T16:51:00","slug":"la-ant-beneficia-a-transportistas-al-extender-dos-anos-de-vida-util-a-las-unidades-de-servicio-publico","status":"publish","type":"post","link":"https:\/\/elmercuriomanta.ec\/index.php\/2024\/07\/31\/la-ant-beneficia-a-transportistas-al-extender-dos-anos-de-vida-util-a-las-unidades-de-servicio-publico\/","title":{"rendered":"La ANT beneficia a transportistas al extender dos a\u00f1os de vida \u00fatil a las unidades de servicio p\u00fablico"},"content":{"rendered":"\n<figure class=\"wp-block-image aligncenter size-full is-resized\"><img fetchpriority=\"high\" decoding=\"async\" width=\"1024\" height=\"599\" src=\"https:\/\/elmercuriomanta.ec\/wp-content\/uploads\/2024\/07\/image-400.png\" alt=\"\" class=\"wp-image-25394\" style=\"width:436px;height:auto\" srcset=\"https:\/\/elmercuriomanta.ec\/wp-content\/uploads\/2024\/07\/image-400.png 1024w, https:\/\/elmercuriomanta.ec\/wp-content\/uploads\/2024\/07\/image-400-300x175.png 300w, https:\/\/elmercuriomanta.ec\/wp-content\/uploads\/2024\/07\/image-400-768x449.png 768w\" sizes=\"(max-width: 1024px) 100vw, 1024px\" \/><\/figure>\n\n\n\n<p>La Agencia Nacional de Tr\u00e1nsito (ANT) aument\u00f3 dos a\u00f1os de vida \u00fatil a las unidades de servicio p\u00fablico, como parte de los ofrecimientos del gobierno a los transportistas. La ANT modific\u00f3 el cuadro de los a\u00f1os de circulaci\u00f3n que estaba vigente desde el 2015.&nbsp;<\/p>\n\n\n\n<p>As\u00ed, la vida \u00fatil de los buses pas\u00f3 de 20 a 22 a\u00f1os. Se incluyen las unidades de servicio urbano, inter e intra provinciales, mientras que los articulados pasan de 25 a 27 a\u00f1os. Las furgonetas, que incluye las escolares, los taxis y el transporte tur\u00edstico, pasaron de 15 a 17 a\u00f1os, y las tricimotos de seis ocho a\u00f1os.&nbsp;<\/p>\n\n\n\n<p>El aumento de dos a\u00f1os antes de renovar las unidades fue uno de los pedidos que hizo la dirigencia en las mesas de di\u00e1logo que instal\u00f3 el Ministerio de Gobierno con este sector a inicios de mes. Entonces, el presidente de la Federaci\u00f3n Nacional de Transporte P\u00fablico de Pasajeros Intra e Inter Provincial (Fenacotip), Abel G\u00f3mez, dijo que el pedido se daba por la crisis econ\u00f3mica y por la falta de cr\u00e9ditos para renovar las unidades.<\/p>\n\n\n\n<p>&nbsp;Gullermo Abad, director de Justicia Vial, considera que el aumento de a\u00f1os de vida \u00fatil tendr\u00e1 un impacto negativo en la seguridad ya habr\u00e1 mayor desgaste de las piezas. \u201cTodos sabemos que el mantenimiento de los veh\u00edculos de transporte p\u00fablico, principalmente el urbano, no es el m\u00e1s adecuado.&nbsp;<\/p>\n\n\n\n<p>Consecuentemente, la fatiga del material, al no tener un buen mantenimiento, va a generar mayor siniestralidad vial por da\u00f1os mec\u00e1nicos\u201d, apunt\u00f3. La afectaci\u00f3n tambi\u00e9n ser\u00e1 para el ambiente.&nbsp;<\/p>\n\n\n\n<p>Unidades m\u00e1s viejas consumen m\u00e1s combustible y su tecnolog\u00eda emite mayor cantidad de humo a la atm\u00f3sfera. El mon\u00f3xido de carbono tambi\u00e9n perjudica al ser humano provocando problemas respiratorios.&nbsp;<\/p>\n\n\n\n<p>Abad considera que el aumento de a\u00f1os de vida \u00fatil de las unidades es beneficioso para los conductores en sus econom\u00edas. Seg\u00fan su criterio, debe ser un par\u00e1metro a considerar para mantener el valor de las tarifas y exigir mejoras en el servicio.<\/p>\n\n\n\n<p><\/p>\n","protected":false},"excerpt":{"rendered":"<p>La Agencia Nacional de Tr\u00e1nsito (ANT) aument\u00f3 dos a\u00f1os de vida \u00fatil a las unidades de servicio p\u00fablico, como parte de los ofrecimientos del gobierno a los transportistas. La ANT modific\u00f3 el cuadro de los a\u00f1os de circulaci\u00f3n que estaba vigente desde el 2015.\u00a0<\/p>\n","protected":false},"author":1,"featured_media":25394,"comment_status":"open","ping_status":"open","sticky":false,"template":"","format":"standard","meta":{"footnotes":""},"categories":[20,1],"tags":[23],"class_list":["post-25393","post","type-post","status-publish","format-standard","has-post-thumbnail","hentry","category-portada-2","category-uncategorized","tag-ecuador"],"_links":{"self":[{"href":"https:\/\/elmercuriomanta.ec\/index.php\/wp-json\/wp\/v2\/posts\/25393","targetHints":{"allow":["GET"]}}],"collection":[{"href":"https:\/\/elmercuriomanta.ec\/index.php\/wp-json\/wp\/v2\/posts"}],"about":[{"href":"https:\/\/elmercuriomanta.ec\/index.php\/wp-json\/wp\/v2\/types\/post"}],"author":[{"embeddable":true,"href":"https:\/\/elmercuriomanta.ec\/index.php\/wp-json\/wp\/v2\/users\/1"}],"replies":[{"embeddable":true,"href":"https:\/\/elmercuriomanta.ec\/index.php\/wp-json\/wp\/v2\/comments?post=25393"}],"version-history":[{"count":1,"href":"https:\/\/elmercuriomanta.ec\/index.php\/wp-json\/wp\/v2\/posts\/25393\/revisions"}],"predecessor-version":[{"id":25395,"href":"https:\/\/elmercuriomanta.ec\/index.php\/wp-json\/wp\/v2\/posts\/25393\/revisions\/25395"}],"wp:featuredmedia":[{"embeddable":true,"href":"https:\/\/elmercuriomanta.ec\/index.php\/wp-json\/wp\/v2\/media\/25394"}],"wp:attachment":[{"href":"https:\/\/elmercuriomanta.ec\/index.php\/wp-json\/wp\/v2\/media?parent=25393"}],"wp:term":[{"taxonomy":"category","embeddable":true,"href":"https:\/\/elmercuriomanta.ec\/index.php\/wp-json\/wp\/v2\/categories?post=25393"},{"taxonomy":"post_tag","embeddable":true,"href":"https:\/\/elmercuriomanta.ec\/index.php\/wp-json\/wp\/v2\/tags?post=25393"}],"curies":[{"name":"wp","href":"https:\/\/api.w.org\/{rel}","templated":true}]}}