{"id":25386,"date":"2024-07-30T18:03:24","date_gmt":"2024-07-30T23:03:24","guid":{"rendered":"https:\/\/elmercuriomanta.ec\/?p=25386"},"modified":"2024-07-30T18:03:26","modified_gmt":"2024-07-30T23:03:26","slug":"costa-rica-ofrece-asilo-politico-a-maria-corina-machado-y-edmundo-gonzalez","status":"publish","type":"post","link":"https:\/\/elmercuriomanta.ec\/index.php\/2024\/07\/30\/costa-rica-ofrece-asilo-politico-a-maria-corina-machado-y-edmundo-gonzalez\/","title":{"rendered":"Costa Rica ofrece asilo pol\u00edtico a Mar\u00eda Corina Machado y Edmundo Gonz\u00e1lez"},"content":{"rendered":"\n<figure class=\"wp-block-image aligncenter size-full is-resized\"><img fetchpriority=\"high\" decoding=\"async\" width=\"930\" height=\"450\" src=\"https:\/\/elmercuriomanta.ec\/wp-content\/uploads\/2024\/07\/image-398.png\" alt=\"\" class=\"wp-image-25387\" style=\"width:465px;height:auto\" srcset=\"https:\/\/elmercuriomanta.ec\/wp-content\/uploads\/2024\/07\/image-398.png 930w, https:\/\/elmercuriomanta.ec\/wp-content\/uploads\/2024\/07\/image-398-300x145.png 300w, https:\/\/elmercuriomanta.ec\/wp-content\/uploads\/2024\/07\/image-398-768x372.png 768w\" sizes=\"(max-width: 930px) 100vw, 930px\" \/><\/figure>\n\n\n\n<p>Tras los anuncios del Gobierno de Nicol\u00e1s Maduro sobre acciones judiciales contra la l\u00edder opositora Mar\u00eda Corina Machado y el candidato presidencial Edmundo Gonz\u00e1lez, Costa Rica les ofrece asilo pol\u00edtico.<\/p>\n\n\n\n<p>As\u00ed lo anunci\u00f3  el Canciller Arnoldo Andr\u00e9. Adem\u00e1s, a\u00f1adi\u00f3 que apertua el pa\u00eds para recibir a m\u00e1s dirigentes venezolanos.<\/p>\n\n\n\n<p>Ofrece est\u00e1 garant\u00eda tras conocer que hay \u00f3rdenes de aprehensi\u00f3n, de arresto y de captura en contra de Machado y Gonz\u00e1lez. <\/p>\n\n\n\n<p>\u201cEstamos dispuestos a otorgar asilo pol\u00edtico, refugio, en Costa Rica tanto a Mar\u00eda Corina Machado como a Edmundo Gonz\u00e1lez\u201d, indic\u00f3. La medida incluir\u00eda tambi\u00e9n \u201ca todo otro perseguido pol\u00edticamente en Venezuela\u201d.<\/p>\n\n\n\n<p>Por otra parte, el equipo de Machado que est\u00e1 asilado en la Embajada de Argentina en Caracas.<\/p>\n\n\n\n<p><\/p>\n","protected":false},"excerpt":{"rendered":"<p>Tras los anuncios del Gobierno de Nicol\u00e1s Maduro sobre acciones judiciales contra la l\u00edder opositora Mar\u00eda Corina Machado y el candidato presidencial Edmundo Gonz\u00e1lez, Costa Rica les ofrece asilo pol\u00edtico.<\/p>\n","protected":false},"author":1,"featured_media":25387,"comment_status":"open","ping_status":"open","sticky":false,"template":"","format":"standard","meta":{"footnotes":""},"categories":[1],"tags":[],"class_list":["post-25386","post","type-post","status-publish","format-standard","has-post-thumbnail","hentry","category-uncategorized"],"_links":{"self":[{"href":"https:\/\/elmercuriomanta.ec\/index.php\/wp-json\/wp\/v2\/posts\/25386","targetHints":{"allow":["GET"]}}],"collection":[{"href":"https:\/\/elmercuriomanta.ec\/index.php\/wp-json\/wp\/v2\/posts"}],"about":[{"href":"https:\/\/elmercuriomanta.ec\/index.php\/wp-json\/wp\/v2\/types\/post"}],"author":[{"embeddable":true,"href":"https:\/\/elmercuriomanta.ec\/index.php\/wp-json\/wp\/v2\/users\/1"}],"replies":[{"embeddable":true,"href":"https:\/\/elmercuriomanta.ec\/index.php\/wp-json\/wp\/v2\/comments?post=25386"}],"version-history":[{"count":2,"href":"https:\/\/elmercuriomanta.ec\/index.php\/wp-json\/wp\/v2\/posts\/25386\/revisions"}],"predecessor-version":[{"id":25389,"href":"https:\/\/elmercuriomanta.ec\/index.php\/wp-json\/wp\/v2\/posts\/25386\/revisions\/25389"}],"wp:featuredmedia":[{"embeddable":true,"href":"https:\/\/elmercuriomanta.ec\/index.php\/wp-json\/wp\/v2\/media\/25387"}],"wp:attachment":[{"href":"https:\/\/elmercuriomanta.ec\/index.php\/wp-json\/wp\/v2\/media?parent=25386"}],"wp:term":[{"taxonomy":"category","embeddable":true,"href":"https:\/\/elmercuriomanta.ec\/index.php\/wp-json\/wp\/v2\/categories?post=25386"},{"taxonomy":"post_tag","embeddable":true,"href":"https:\/\/elmercuriomanta.ec\/index.php\/wp-json\/wp\/v2\/tags?post=25386"}],"curies":[{"name":"wp","href":"https:\/\/api.w.org\/{rel}","templated":true}]}}