{"id":2538,"date":"2023-07-11T10:06:26","date_gmt":"2023-07-11T15:06:26","guid":{"rendered":"https:\/\/elmercuriomanta.ec\/?p=2538"},"modified":"2023-07-11T10:06:26","modified_gmt":"2023-07-11T15:06:26","slug":"la-zafra-empezo-pero-se-mantienen-los-problemas-de-abastecimiento-de-azucar","status":"publish","type":"post","link":"https:\/\/elmercuriomanta.ec\/index.php\/2023\/07\/11\/la-zafra-empezo-pero-se-mantienen-los-problemas-de-abastecimiento-de-azucar\/","title":{"rendered":"La zafra empez\u00f3, pero se mantienen los problemas de abastecimiento de az\u00facar"},"content":{"rendered":"\n<figure class=\"wp-block-image aligncenter size-full is-resized\"><img fetchpriority=\"high\" decoding=\"async\" src=\"https:\/\/elmercuriomanta.ec\/wp-content\/uploads\/2023\/07\/image-94.png\" alt=\"\" class=\"wp-image-2539\" width=\"417\" height=\"377\" srcset=\"https:\/\/elmercuriomanta.ec\/wp-content\/uploads\/2023\/07\/image-94.png 600w, https:\/\/elmercuriomanta.ec\/wp-content\/uploads\/2023\/07\/image-94-300x272.png 300w\" sizes=\"(max-width: 417px) 100vw, 417px\" \/><\/figure>\n\n\n\n<p>La cosecha de ca\u00f1a de az\u00facar se retras\u00f3 por un mes en los ingenios de la costa, debido a las lluvias, y aunque desde este fin de semana empez\u00f3 la zafra o cosecha, la reactivaci\u00f3n de la producci\u00f3n ser\u00e1 paulatina, as\u00ed lo advierten desde la Federaci\u00f3n Nacional de Azucareros del Ecuador.<\/p>\n\n\n\n<p>La cosecha de esta planta tropical se realiza desde junio hasta diciembre; sin embargo, tres de los cinco ingenios que se ubican en la costa sufrieron este atraso, ocasionando incluso que el producto empiece a escasear en algunas provincias. Otra de las medidas previstas por el gremio para no afectar la demanda local es la importaci\u00f3n.<\/p>\n\n\n\n<p>El Ministerio de Agricultura indica que por ahora solo recibi\u00f3 la solicitud de un ingenio para importar az\u00facar de Brasil. Hasta que se normalice la situaci\u00f3n, en los comercios comentan que no consiguen el mismo volumen del producto. En otros locales incluso dicen que por ahora les toca ofrecer panela para sustituir la venta del az\u00facar, en Ecuador se producen 500 mil toneladas de az\u00facar al a\u00f1o.<\/p>\n\n\n\n<div class=\"wp-block-essential-blocks-social\"><div class=\"eb-parent-wrapper eb-parent-eb-social-links-gdhjw8f \"><div class=\"eb-social-links-gdhjw8f eb-social-links-wrapper\"><ul class=\"eb-socials\"><li><a class=\"facebook-f-original  \" href=\"\/\/www.facebook.com\/YoSoyElMercurio\/?locale=es_LA\" target=\"_self\" rel=\"noopener\"><i class=\"hvr-icon eb-social-icon fab fa-facebook-f\"><\/i><\/a><\/li><li><a class=\"twitter-original  \" href=\"\/\/twitter.com\/elmercuriomanta\" target=\"_self\" rel=\"noopener\"><i class=\"hvr-icon eb-social-icon fab fa-twitter\"><\/i><\/a><\/li><li><a class=\"instagram-original  \" href=\"\/\/www.instagram.com\/elmercuriomanta\/?hl=es\" target=\"_self\" rel=\"noopener\"><i class=\"hvr-icon eb-social-icon fab fa-instagram\"><\/i><\/a><\/li><\/ul><\/div><\/div><\/div>\n","protected":false},"excerpt":{"rendered":"<p>La cosecha de ca\u00f1a de az\u00facar se retras\u00f3 por un mes en los ingenios de la costa, debido a las lluvias, y aunque desde este fin de semana empez\u00f3 la zafra o cosecha, la reactivaci\u00f3n de la producci\u00f3n ser\u00e1 paulatina, as\u00ed lo advierten desde la Federaci\u00f3n Nacional de Azucareros del Ecuador. La cosecha de esta [&hellip;]<\/p>\n","protected":false},"author":12,"featured_media":2539,"comment_status":"open","ping_status":"open","sticky":false,"template":"","format":"standard","meta":{"footnotes":""},"categories":[19],"tags":[],"class_list":["post-2538","post","type-post","status-publish","format-standard","has-post-thumbnail","hentry","category-portada-1"],"_links":{"self":[{"href":"https:\/\/elmercuriomanta.ec\/index.php\/wp-json\/wp\/v2\/posts\/2538","targetHints":{"allow":["GET"]}}],"collection":[{"href":"https:\/\/elmercuriomanta.ec\/index.php\/wp-json\/wp\/v2\/posts"}],"about":[{"href":"https:\/\/elmercuriomanta.ec\/index.php\/wp-json\/wp\/v2\/types\/post"}],"author":[{"embeddable":true,"href":"https:\/\/elmercuriomanta.ec\/index.php\/wp-json\/wp\/v2\/users\/12"}],"replies":[{"embeddable":true,"href":"https:\/\/elmercuriomanta.ec\/index.php\/wp-json\/wp\/v2\/comments?post=2538"}],"version-history":[{"count":1,"href":"https:\/\/elmercuriomanta.ec\/index.php\/wp-json\/wp\/v2\/posts\/2538\/revisions"}],"predecessor-version":[{"id":2540,"href":"https:\/\/elmercuriomanta.ec\/index.php\/wp-json\/wp\/v2\/posts\/2538\/revisions\/2540"}],"wp:featuredmedia":[{"embeddable":true,"href":"https:\/\/elmercuriomanta.ec\/index.php\/wp-json\/wp\/v2\/media\/2539"}],"wp:attachment":[{"href":"https:\/\/elmercuriomanta.ec\/index.php\/wp-json\/wp\/v2\/media?parent=2538"}],"wp:term":[{"taxonomy":"category","embeddable":true,"href":"https:\/\/elmercuriomanta.ec\/index.php\/wp-json\/wp\/v2\/categories?post=2538"},{"taxonomy":"post_tag","embeddable":true,"href":"https:\/\/elmercuriomanta.ec\/index.php\/wp-json\/wp\/v2\/tags?post=2538"}],"curies":[{"name":"wp","href":"https:\/\/api.w.org\/{rel}","templated":true}]}}